{"id":81243,"date":"2025-10-17T23:00:12","date_gmt":"2025-10-17T22:00:12","guid":{"rendered":"https:\/\/www.alboughaznews.ma\/?p=81243"},"modified":"2025-10-17T16:37:52","modified_gmt":"2025-10-17T15:37:52","slug":"tanger-celebre-le-7e-art-avec-la-25%e1%b5%89-edition-du-festival-national-du-film","status":"publish","type":"post","link":"https:\/\/www.alboughaznews.ma\/?p=81243","title":{"rendered":"Tanger c\u00e9l\u00e8bre le 7e art avec la 25\u1d49 \u00e9dition du Festival national du film"},"content":{"rendered":"<h4 dir=\"ltr\">al boughaz news<\/h4>\n<h4 class=\"subtitle-article\" dir=\"ltr\">Du 17 au 25 octobre, la ville du D\u00e9troit devient la capitale du cin\u00e9ma marocain. Plac\u00e9e sous le Haut Patronage de S.M. le Roi Mohammed VI, la 25e \u00e9dition du Festival national du film s\u2019annonce comme un grand moment de rencontres, d\u2019\u00e9motions et de c\u00e9l\u00e9bration du talent national.<\/h4>\n<h4 dir=\"ltr\">Cette \u00e9dition-anniversaire promet une programmation dense, m\u00ealant comp\u00e9titions officielles, hommages et projections in\u00e9dites. Trois sections principales rythmeront la semaine : les \u00ablongs m\u00e9trages de fiction\u00bb, les \u00abcourts m\u00e9trages de fiction et documentaires\u00bb, ainsi que les \u00ablongs m\u00e9trages documentaires\u00bb, avec 45\u00a0films\u00a0en lice illustrant la vitalit\u00e9 du cin\u00e9ma marocain et la diversit\u00e9 de ses \u00e9critures.<\/h4>\n<h4 dir=\"ltr\">Trois jurys prestigieux auront la mission de d\u00e9partager les \u0153uvres en comp\u00e9tition. Pour la comp\u00e9tition des longs m\u00e9trages de fiction, le r\u00e9alisateur\u00a0Hakim Belabbes\u00a0pr\u00e9sidera un jury compos\u00e9 de l\u2019\u00e9crivain\u00a0Abdelkader Chaui, du directeur de la photographie\u00a0Amine Messadi, de la productrice\u00a0Mariam Lee Abounouom, de la com\u00e9dienne\u00a0Nadia Kounda, de la r\u00e9alisatrice et sc\u00e9nariste\u00a0Yasmine Benkiran\u00a0et du cin\u00e9aste\u00a0Kamal Lazraq.<\/h4>\n<h4 dir=\"ltr\"><img loading=\"lazy\" decoding=\"async\" class=\"aligncenter size-full wp-image-81244\" src=\"https:\/\/www.alboughaznews.ma\/wp-content\/uploads\/2025\/10\/456039.webp\" alt=\"\" width=\"1000\" height=\"562\" srcset=\"https:\/\/www.alboughaznews.ma\/wp-content\/uploads\/2025\/10\/456039.webp 1000w, https:\/\/www.alboughaznews.ma\/wp-content\/uploads\/2025\/10\/456039-300x169.webp 300w, https:\/\/www.alboughaznews.ma\/wp-content\/uploads\/2025\/10\/456039-768x432.webp 768w\" sizes=\"auto, (max-width: 1000px) 100vw, 1000px\" \/>Le jury des \u00abLongs m\u00e9trages documentaires\u00bb r\u00e9unira cinq grandes figures du 7e art :\u00a0Mohamed El Aboudi, A\u00efcha Macky Kidy, Siham El Faydi, Adnane Baraka\u00a0et\u00a0Jaouad Babili. Quant \u00e0 la comp\u00e9tition des \u00abCourts m\u00e9trages de fiction et Documentaires\u00bb, elle sera pr\u00e9sid\u00e9e par la r\u00e9alisatrice Halima Ouardiri, entour\u00e9e de Layla Rahmouni, Ilias El Faris, Mohammed Benhsain (directeur du Th\u00e9\u00e2tre Mohammed V) et Imad Benomar.<\/h4>\n<h4 dir=\"ltr\">Une s\u00e9lection \u00e9clectique<\/h4>\n<h4 dir=\"ltr\">La comp\u00e9tition des \u00abLongs m\u00e9trages de fiction\u00bb mettra en lumi\u00e8re quinze films, parmi lesquels \u00abAfrica Blanca\u00bb, \u00abAtoman\u00bb, \u00abAutisto\u00bb, \u00abEverybody Loves Touda\u00bb, \u00abLa Guerre des Six Mois\u00bb ou encore \u00abThe Lost Princess\u00bb. Les courts m\u00e9trages proposeront \u00e9galement quinze \u0153uvres vari\u00e9es, dont \u00abA\u00efcha\u00bb, \u00abBoujloud\u00bb, \u00abChikha\u00bb, \u00abCrawling Birds\u00bb, \u00abNaissance d\u2019une vie\u00bb et \u00abLes Jardins du Paradis\u00bb.<\/p>\n<p>Enfin, la comp\u00e9tition documentaire comptera quinze productions, parmi lesquelles \u00abAmarz\u00bb, \u00abAmazone\u00bb, \u00abFemmes bleues\u00bb, \u00abPrisonniers de l\u2019attente\u00bb, \u00abR\u00eaves d\u2019Oued Noun\u00bb ou encore \u00abSwaylam\u00bb.<\/h4>\n<h4 dir=\"ltr\">Deux hommages d\u2019exception<\/h4>\n<h4 dir=\"ltr\">Le festival rendra hommage \u00e0 deux figures embl\u00e9matiques du cin\u00e9ma marocain :\u00a0Fatima Attif, com\u00e9dienne au parcours remarquable entre th\u00e9\u00e2tre, cin\u00e9ma et t\u00e9l\u00e9vision, et\u00a0Ahmed El Maanouni, pionnier du 7e art national, auteur d\u2019\u0153uvres majeures telles qu\u2019\u00abAlyam Alyam\u00bb et \u00abTranses\u00bb.<\/p>\n<p>Projections, d\u00e9bats, hommages et rencontres professionnelles feront de cette 25e \u00e9dition un v\u00e9ritable carrefour du cin\u00e9ma marocain, o\u00f9 se conjuguent m\u00e9moire, cr\u00e9ativit\u00e9 et engagement artistique.<\/h4>\n","protected":false},"excerpt":{"rendered":"<p>al boughaz news Du 17 au 25 octobre, la ville du D\u00e9troit devient la capitale du cin\u00e9ma marocain. Plac\u00e9e sous le Haut Patronage de S.M. le Roi Mohammed VI, la 25e \u00e9dition du Festival national du film s\u2019annonce comme un grand moment de rencontres, d\u2019\u00e9motions et de c\u00e9l\u00e9bration du talent national. Cette \u00e9dition-anniversaire promet une [&hellip;]<\/p>\n","protected":false},"author":1,"featured_media":81244,"comment_status":"open","ping_status":"open","sticky":false,"template":"","format":"standard","meta":{"footnotes":""},"categories":[7294],"tags":[],"class_list":["post-81243","post","type-post","status-publish","format-standard","has-post-thumbnail","hentry","category-version-francaise"],"_links":{"self":[{"href":"https:\/\/www.alboughaznews.ma\/index.php?rest_route=\/wp\/v2\/posts\/81243","targetHints":{"allow":["GET"]}}],"collection":[{"href":"https:\/\/www.alboughaznews.ma\/index.php?rest_route=\/wp\/v2\/posts"}],"about":[{"href":"https:\/\/www.alboughaznews.ma\/index.php?rest_route=\/wp\/v2\/types\/post"}],"author":[{"embeddable":true,"href":"https:\/\/www.alboughaznews.ma\/index.php?rest_route=\/wp\/v2\/users\/1"}],"replies":[{"embeddable":true,"href":"https:\/\/www.alboughaznews.ma\/index.php?rest_route=%2Fwp%2Fv2%2Fcomments&post=81243"}],"version-history":[{"count":1,"href":"https:\/\/www.alboughaznews.ma\/index.php?rest_route=\/wp\/v2\/posts\/81243\/revisions"}],"predecessor-version":[{"id":81245,"href":"https:\/\/www.alboughaznews.ma\/index.php?rest_route=\/wp\/v2\/posts\/81243\/revisions\/81245"}],"wp:featuredmedia":[{"embeddable":true,"href":"https:\/\/www.alboughaznews.ma\/index.php?rest_route=\/wp\/v2\/media\/81244"}],"wp:attachment":[{"href":"https:\/\/www.alboughaznews.ma\/index.php?rest_route=%2Fwp%2Fv2%2Fmedia&parent=81243"}],"wp:term":[{"taxonomy":"category","embeddable":true,"href":"https:\/\/www.alboughaznews.ma\/index.php?rest_route=%2Fwp%2Fv2%2Fcategories&post=81243"},{"taxonomy":"post_tag","embeddable":true,"href":"https:\/\/www.alboughaznews.ma\/index.php?rest_route=%2Fwp%2Fv2%2Ftags&post=81243"}],"curies":[{"name":"wp","href":"https:\/\/api.w.org\/{rel}","templated":true}]}}