{"id":80789,"date":"2025-10-08T23:00:39","date_gmt":"2025-10-08T22:00:39","guid":{"rendered":"https:\/\/www.alboughaznews.ma\/?p=80789"},"modified":"2025-10-08T16:21:51","modified_gmt":"2025-10-08T15:21:51","slug":"meurtre-a-tanger-un-jeune-homme-condamne-a-perpetuite","status":"publish","type":"post","link":"https:\/\/www.alboughaznews.ma\/?p=80789","title":{"rendered":"Meurtre \u00e0 Tanger: un jeune homme condamn\u00e9 \u00e0 perp\u00e9tuit\u00e9"},"content":{"rendered":"<h4 dir=\"ltr\">al boughaz news<\/h4>\n<h4 dir=\"ltr\">La Chambre criminelle de premi\u00e8re instance pr\u00e8s la Cour d\u2019appel de Tanger a condamn\u00e9, mardi, un jeune homme \u00e0 la prison \u00e0 perp\u00e9tuit\u00e9 pour avoir tu\u00e9 sa m\u00e8re.<\/h4>\n<h4 dir=\"ltr\">Les faits, qui remontent au mois de mai dernier, avaient profond\u00e9ment choqu\u00e9 les habitants du quartier M\u2019snana, \u00e0 Tanger.<\/h4>\n<p><img loading=\"lazy\" decoding=\"async\" class=\"aligncenter  wp-image-80790\" src=\"https:\/\/www.alboughaznews.ma\/wp-content\/uploads\/2025\/10\/8b6aa90c75610ec1e319e645d6685690.jpg\" alt=\"\" width=\"811\" height=\"489\" srcset=\"https:\/\/www.alboughaznews.ma\/wp-content\/uploads\/2025\/10\/8b6aa90c75610ec1e319e645d6685690.jpg 620w, https:\/\/www.alboughaznews.ma\/wp-content\/uploads\/2025\/10\/8b6aa90c75610ec1e319e645d6685690-300x181.jpg 300w\" sizes=\"auto, (max-width: 811px) 100vw, 811px\" \/><\/p>\n<h4 dir=\"ltr\">Selon les informations recueillies par Le Site info, une violente dispute avait \u00e9clat\u00e9 entre la m\u00e8re et son fils, qui venait de quitter la prison, avant que l\u2019irr\u00e9parable ne soit commis. Apr\u00e8s avoir consomm\u00e9 une grande quantit\u00e9 de psychotropes, le mis en cause a ass\u00e9n\u00e9 plusieurs coups \u00e0 sa m\u00e8re, \u00e0 l\u2019aide d\u2019une arme blanche, la tuant sur le coup.<\/h4>\n","protected":false},"excerpt":{"rendered":"<p>al boughaz news La Chambre criminelle de premi\u00e8re instance pr\u00e8s la Cour d\u2019appel de Tanger a condamn\u00e9, mardi, un jeune homme \u00e0 la prison \u00e0 perp\u00e9tuit\u00e9 pour avoir tu\u00e9 sa m\u00e8re. Les faits, qui remontent au mois de mai dernier, avaient profond\u00e9ment choqu\u00e9 les habitants du quartier M\u2019snana, \u00e0 Tanger. Selon les informations recueillies par [&hellip;]<\/p>\n","protected":false},"author":1,"featured_media":80790,"comment_status":"open","ping_status":"open","sticky":false,"template":"","format":"standard","meta":{"footnotes":""},"categories":[7294],"tags":[],"class_list":["post-80789","post","type-post","status-publish","format-standard","has-post-thumbnail","hentry","category-version-francaise"],"_links":{"self":[{"href":"https:\/\/www.alboughaznews.ma\/index.php?rest_route=\/wp\/v2\/posts\/80789","targetHints":{"allow":["GET"]}}],"collection":[{"href":"https:\/\/www.alboughaznews.ma\/index.php?rest_route=\/wp\/v2\/posts"}],"about":[{"href":"https:\/\/www.alboughaznews.ma\/index.php?rest_route=\/wp\/v2\/types\/post"}],"author":[{"embeddable":true,"href":"https:\/\/www.alboughaznews.ma\/index.php?rest_route=\/wp\/v2\/users\/1"}],"replies":[{"embeddable":true,"href":"https:\/\/www.alboughaznews.ma\/index.php?rest_route=%2Fwp%2Fv2%2Fcomments&post=80789"}],"version-history":[{"count":1,"href":"https:\/\/www.alboughaznews.ma\/index.php?rest_route=\/wp\/v2\/posts\/80789\/revisions"}],"predecessor-version":[{"id":80791,"href":"https:\/\/www.alboughaznews.ma\/index.php?rest_route=\/wp\/v2\/posts\/80789\/revisions\/80791"}],"wp:featuredmedia":[{"embeddable":true,"href":"https:\/\/www.alboughaznews.ma\/index.php?rest_route=\/wp\/v2\/media\/80790"}],"wp:attachment":[{"href":"https:\/\/www.alboughaznews.ma\/index.php?rest_route=%2Fwp%2Fv2%2Fmedia&parent=80789"}],"wp:term":[{"taxonomy":"category","embeddable":true,"href":"https:\/\/www.alboughaznews.ma\/index.php?rest_route=%2Fwp%2Fv2%2Fcategories&post=80789"},{"taxonomy":"post_tag","embeddable":true,"href":"https:\/\/www.alboughaznews.ma\/index.php?rest_route=%2Fwp%2Fv2%2Ftags&post=80789"}],"curies":[{"name":"wp","href":"https:\/\/api.w.org\/{rel}","templated":true}]}}