{"id":80128,"date":"2025-09-23T23:00:17","date_gmt":"2025-09-23T22:00:17","guid":{"rendered":"https:\/\/www.alboughaznews.ma\/?p=80128"},"modified":"2025-09-23T16:54:17","modified_gmt":"2025-09-23T15:54:17","slug":"tanger-tetouan-al-hoceima-signature-dun-mou-pour-la-promotion-des-droits-des-personnes-agees","status":"publish","type":"post","link":"https:\/\/www.alboughaznews.ma\/?p=80128","title":{"rendered":"Tanger-T\u00e9touan-Al Hoceima : Signature d\u2019un MoU pour la promotion des droits des personnes \u00e2g\u00e9es"},"content":{"rendered":"<h4 dir=\"ltr\">al boughaz news<\/h4>\n<h4 dir=\"ltr\">\u00a0Un m\u00e9morandum d\u2019entente (MoU) a \u00e9t\u00e9 sign\u00e9, lundi \u00e0 Tanger, entre le Secr\u00e9tariat d\u2019\u00c9tat charg\u00e9 de l\u2019Inclusion sociale et le Conseil de la r\u00e9gion Tanger-T\u00e9touan-Al Hoceima, portant sur la promotion des droits des personnes \u00e2g\u00e9es et le renforcement de leur inclusion \u00e9conomique et sociale.<\/h4>\n<h4 dir=\"ltr\">Paraph\u00e9 par le secr\u00e9taire d\u2019\u00c9tat charg\u00e9 de l\u2019Inclusion sociale, Abdeljabbar Rachidi, et le pr\u00e9sident du Conseil r\u00e9gional, Omar Moro, ce m\u00e9morandum s\u2019inscrit dans le cadre de la deuxi\u00e8me rencontre r\u00e9gionale sur les droits des personnes \u00e2g\u00e9es, organis\u00e9e par le Secr\u00e9tariat d\u2019\u00c9tat avec l\u2019appui du Fonds des Nations unies pour la population (FNUAP), sous le th\u00e8me \u201cL\u2019\u00e9conomie du care, un pilier pour la protection des personnes \u00e2g\u00e9es et la promotion de leurs droits\u201d.<\/h4>\n<p><img loading=\"lazy\" decoding=\"async\" class=\"aligncenter size-full wp-image-80084\" src=\"https:\/\/www.alboughaznews.ma\/wp-content\/uploads\/2025\/09\/Capture-decran-2025-09-23-a-01.45.37.png\" alt=\"\" width=\"2436\" height=\"1385\" srcset=\"https:\/\/www.alboughaznews.ma\/wp-content\/uploads\/2025\/09\/Capture-decran-2025-09-23-a-01.45.37.png 2436w, https:\/\/www.alboughaznews.ma\/wp-content\/uploads\/2025\/09\/Capture-decran-2025-09-23-a-01.45.37-300x171.png 300w, https:\/\/www.alboughaznews.ma\/wp-content\/uploads\/2025\/09\/Capture-decran-2025-09-23-a-01.45.37-1024x582.png 1024w, https:\/\/www.alboughaznews.ma\/wp-content\/uploads\/2025\/09\/Capture-decran-2025-09-23-a-01.45.37-768x437.png 768w, https:\/\/www.alboughaznews.ma\/wp-content\/uploads\/2025\/09\/Capture-decran-2025-09-23-a-01.45.37-1536x873.png 1536w, https:\/\/www.alboughaznews.ma\/wp-content\/uploads\/2025\/09\/Capture-decran-2025-09-23-a-01.45.37-2048x1164.png 2048w\" sizes=\"auto, (max-width: 2436px) 100vw, 2436px\" \/><\/p>\n<h4 dir=\"ltr\">L\u2019accord ambitionne notamment d\u2019encourager le volontariat en faveur des personnes \u00e2g\u00e9es, tant au sein des \u00e9tablissements de protection sociale que dans leur entourage familial, de soutenir la cr\u00e9ation de clubs pour personnes \u00e2g\u00e9es dans la r\u00e9gion, d\u2019am\u00e9liorer la qualit\u00e9 des services qui leur sont destin\u00e9s et d\u2019en assurer la p\u00e9rennit\u00e9.<\/h4>\n<h4 dir=\"ltr\">Il pr\u00e9voit \u00e9galement le lancement de l\u2019initiative \u201cPonts de l\u2019expertise\u201d, qui favorise l\u2019interaction interg\u00e9n\u00e9rationnelle \u00e0 travers la cr\u00e9ation d\u2019espaces et d\u2019initiatives permettant aux a\u00een\u00e9s de transmettre leurs savoirs et leurs exp\u00e9riences de vie et professionnelles aux jeunes, contribuant ainsi \u00e0 renforcer le sentiment d\u2019appartenance et la citoyennet\u00e9 partag\u00e9e.<\/h4>\n<p><img loading=\"lazy\" decoding=\"async\" class=\"aligncenter size-full wp-image-80083\" src=\"https:\/\/www.alboughaznews.ma\/wp-content\/uploads\/2025\/09\/Capture-decran-2025-09-23-a-01.14.25.png\" alt=\"\" width=\"2457\" height=\"1401\" srcset=\"https:\/\/www.alboughaznews.ma\/wp-content\/uploads\/2025\/09\/Capture-decran-2025-09-23-a-01.14.25.png 2457w, https:\/\/www.alboughaznews.ma\/wp-content\/uploads\/2025\/09\/Capture-decran-2025-09-23-a-01.14.25-300x171.png 300w, https:\/\/www.alboughaznews.ma\/wp-content\/uploads\/2025\/09\/Capture-decran-2025-09-23-a-01.14.25-1024x584.png 1024w, https:\/\/www.alboughaznews.ma\/wp-content\/uploads\/2025\/09\/Capture-decran-2025-09-23-a-01.14.25-768x438.png 768w, https:\/\/www.alboughaznews.ma\/wp-content\/uploads\/2025\/09\/Capture-decran-2025-09-23-a-01.14.25-1536x876.png 1536w, https:\/\/www.alboughaznews.ma\/wp-content\/uploads\/2025\/09\/Capture-decran-2025-09-23-a-01.14.25-2048x1168.png 2048w\" sizes=\"auto, (max-width: 2457px) 100vw, 2457px\" \/><\/p>\n<h4 dir=\"ltr\">Le m\u00e9morandum porte en outre sur la mise \u00e0 niveau des \u00e9tablissements de protection sociale accueillant les personnes \u00e2g\u00e9es, la r\u00e9alisation d\u2019\u00e9tudes de terrain en partenariat avec les universit\u00e9s et centres de recherche sur les probl\u00e9matiques li\u00e9es au vieillissement, la formation du personnel des \u00e9tablissements et des clubs pour personnes \u00e2g\u00e9es, ainsi que l\u2019am\u00e9nagement d\u2019espaces publics adapt\u00e9s aux besoins des a\u00een\u00e9s, afin d\u2019am\u00e9liorer leur qualit\u00e9 de vie et de promouvoir leur pr\u00e9sence dans l\u2019espace public dans le respect de leur dignit\u00e9.<\/h4>\n<p><img loading=\"lazy\" decoding=\"async\" class=\"aligncenter size-full wp-image-80129\" src=\"https:\/\/www.alboughaznews.ma\/wp-content\/uploads\/2025\/09\/552104954_1247602357393722_4199376868734803051_n.jpg\" alt=\"\" width=\"1280\" height=\"852\" srcset=\"https:\/\/www.alboughaznews.ma\/wp-content\/uploads\/2025\/09\/552104954_1247602357393722_4199376868734803051_n.jpg 1280w, https:\/\/www.alboughaznews.ma\/wp-content\/uploads\/2025\/09\/552104954_1247602357393722_4199376868734803051_n-300x200.jpg 300w, https:\/\/www.alboughaznews.ma\/wp-content\/uploads\/2025\/09\/552104954_1247602357393722_4199376868734803051_n-1024x682.jpg 1024w, https:\/\/www.alboughaznews.ma\/wp-content\/uploads\/2025\/09\/552104954_1247602357393722_4199376868734803051_n-768x511.jpg 768w\" sizes=\"auto, (max-width: 1280px) 100vw, 1280px\" \/><\/p>\n<h4 dir=\"ltr\">Dans son allocution \u00e0 cette occasion, M. Rachidi a soulign\u00e9 que ce m\u00e9morandum constitue un m\u00e9canisme de coop\u00e9ration et une \u00e9tape d\u00e9cisive vers l\u2019\u00e9laboration d\u2019un programme d\u2019action r\u00e9gional int\u00e9gr\u00e9 en faveur des personnes \u00e2g\u00e9es, bas\u00e9 sur les principes de dignit\u00e9, d\u2019autonomisation, de participation active et d\u2019inclusion sociale, et ce conform\u00e9ment aux Hautes Orientations Royales appelant \u00e0 int\u00e9grer cette dimension dans les projets de d\u00e9veloppement territorial.<\/h4>\n<h4 dir=\"ltr\">Il a, en outre, rappel\u00e9 que cette rencontre s\u2019inscrit dans une s\u00e9rie de rencontres r\u00e9gionales lanc\u00e9es par le Secr\u00e9tariat d\u2019\u00c9tat en vue de valoriser les initiatives men\u00e9es en faveur des personnes \u00e2g\u00e9es, en phase avec les d\u00e9fis actuels et les perspectives futures, et notamment dans le cadre de l\u2019actualisation du Plan national pour la promotion du vieillissement actif (2023-2030), sur la base des donn\u00e9es du recensement g\u00e9n\u00e9ral de la population et de l\u2019habitat de 2024.<\/h4>\n<p><img loading=\"lazy\" decoding=\"async\" class=\"aligncenter size-full wp-image-80130\" src=\"https:\/\/www.alboughaznews.ma\/wp-content\/uploads\/2025\/09\/552355391_1247657094054915_4705730761945599940_n.jpg\" alt=\"\" width=\"1280\" height=\"852\" srcset=\"https:\/\/www.alboughaznews.ma\/wp-content\/uploads\/2025\/09\/552355391_1247657094054915_4705730761945599940_n.jpg 1280w, https:\/\/www.alboughaznews.ma\/wp-content\/uploads\/2025\/09\/552355391_1247657094054915_4705730761945599940_n-300x200.jpg 300w, https:\/\/www.alboughaznews.ma\/wp-content\/uploads\/2025\/09\/552355391_1247657094054915_4705730761945599940_n-1024x682.jpg 1024w, https:\/\/www.alboughaznews.ma\/wp-content\/uploads\/2025\/09\/552355391_1247657094054915_4705730761945599940_n-768x511.jpg 768w\" sizes=\"auto, (max-width: 1280px) 100vw, 1280px\" \/><\/p>\n<h4 dir=\"ltr\">\u00c9voquant le choix du th\u00e8me de cette rencontre, M. Rachidi a relev\u00e9 qu\u2019il traduit une prise de conscience accrue de l\u2019importance de l\u2019\u00e9conomie du care comme pilier de l\u2019\u00c9tat social pr\u00f4n\u00e9 par SM le Roi, fond\u00e9 sur la justice sociale, la dignit\u00e9 humaine et l\u2019\u00e9galit\u00e9 des chances.<\/h4>\n<h4 dir=\"ltr\">Il a, dans ce sens, plaid\u00e9 pour la valorisation de la silver \u00e9conomie, qui regroupe les activit\u00e9s, services et produits destin\u00e9s aux personnes de 60 ans et plus, en tant que composante de l\u2019\u00e9conomie du care, soulignant que son d\u00e9veloppement requiert une approche multidimensionnelle bas\u00e9e sur l\u2019innovation sociale et \u00e9conomique, l\u2019implication du secteur priv\u00e9 et des startups, ainsi que le renforcement du partenariat entre secteur public, secteur priv\u00e9 et soci\u00e9t\u00e9 civile.<\/h4>\n<h4 dir=\"ltr\">Pour sa part, le pr\u00e9sident du Conseil r\u00e9gional, Omar Moro, a affirm\u00e9 que la responsabilit\u00e9 face aux d\u00e9fis du vieillissement, de la d\u00e9mographie et de l\u2019inclusion sociale est une responsabilit\u00e9 partag\u00e9e, impliquant les d\u00e9partements gouvernementaux, les collectivit\u00e9s \u00e9lues, la soci\u00e9t\u00e9 civile et les partenaires internationaux.<\/h4>\n<p><img loading=\"lazy\" decoding=\"async\" class=\"aligncenter size-full wp-image-80131\" src=\"https:\/\/www.alboughaznews.ma\/wp-content\/uploads\/2025\/09\/550271936_1247656837388274_3615546963622183235_n.jpg\" alt=\"\" width=\"1280\" height=\"852\" srcset=\"https:\/\/www.alboughaznews.ma\/wp-content\/uploads\/2025\/09\/550271936_1247656837388274_3615546963622183235_n.jpg 1280w, https:\/\/www.alboughaznews.ma\/wp-content\/uploads\/2025\/09\/550271936_1247656837388274_3615546963622183235_n-300x200.jpg 300w, https:\/\/www.alboughaznews.ma\/wp-content\/uploads\/2025\/09\/550271936_1247656837388274_3615546963622183235_n-1024x682.jpg 1024w, https:\/\/www.alboughaznews.ma\/wp-content\/uploads\/2025\/09\/550271936_1247656837388274_3615546963622183235_n-768x511.jpg 768w\" sizes=\"auto, (max-width: 1280px) 100vw, 1280px\" \/><\/p>\n<h4 dir=\"ltr\">La signature de ce m\u00e9morandum, a-t-il ajout\u00e9, traduit cette conscience collective en engagements concrets, tels que la cr\u00e9ation d\u2019espaces s\u00fbrs et conviviaux pour les a\u00een\u00e9s, le soutien aux \u00e9tablissements de protection sociale et l\u2019am\u00e9lioration de leurs services, ainsi que le lancement d\u2019initiatives novatrices \u00e0 l\u2019instar de \u00ab Ponts de l\u2019expertise \u00bb, qui valorisent l\u2019exp\u00e9rience des a\u00een\u00e9s et instaurent un dialogue interg\u00e9n\u00e9rationnel renouvel\u00e9.<\/h4>\n<h4 dir=\"ltr\">De son c\u00f4t\u00e9, la repr\u00e9sentante du FNUAP, Marielle Sander, a r\u00e9affirm\u00e9 l\u2019engagement de l\u2019Agence onusienne \u00e0 accompagner le Maroc dans ce chantier social visant \u00e0 reconna\u00eetre les droits des personnes \u00e2g\u00e9es, \u00e0 garantir leur dignit\u00e9 et \u00e0 prendre en consid\u00e9ration leurs besoins sp\u00e9cifiques.<\/h4>\n<p><img loading=\"lazy\" decoding=\"async\" class=\"aligncenter size-full wp-image-80132\" src=\"https:\/\/www.alboughaznews.ma\/wp-content\/uploads\/2025\/09\/551008206_1247602630727028_1806400318912132379_n.jpg\" alt=\"\" width=\"1280\" height=\"852\" srcset=\"https:\/\/www.alboughaznews.ma\/wp-content\/uploads\/2025\/09\/551008206_1247602630727028_1806400318912132379_n.jpg 1280w, https:\/\/www.alboughaznews.ma\/wp-content\/uploads\/2025\/09\/551008206_1247602630727028_1806400318912132379_n-300x200.jpg 300w, https:\/\/www.alboughaznews.ma\/wp-content\/uploads\/2025\/09\/551008206_1247602630727028_1806400318912132379_n-1024x682.jpg 1024w, https:\/\/www.alboughaznews.ma\/wp-content\/uploads\/2025\/09\/551008206_1247602630727028_1806400318912132379_n-768x511.jpg 768w\" sizes=\"auto, (max-width: 1280px) 100vw, 1280px\" \/><\/p>\n<h4 dir=\"ltr\">Elle a indiqu\u00e9 que le FNUAP est fier de se tenir aux c\u00f4t\u00e9s du Royaume et de ses partenaires pour transformer ce d\u00e9fi en opportunit\u00e9s, consistant \u00e0 rendre \u00e0 cette cat\u00e9gorie ce qu\u2019elle a apport\u00e9 tout au long de sa vie en amour et en soins, et \u00e0 lui accorder la place qui lui revient dans la soci\u00e9t\u00e9.<\/h4>\n<h4 dir=\"ltr\">Les travaux de cette rencontre ont \u00e9t\u00e9 marqu\u00e9s par la participation du pr\u00e9sident de la commune de Tanger, Mounir Laymouri, et ont port\u00e9 sur deux th\u00e9matiques : \u201cQuel mod\u00e8le d\u2019\u00e9conomie du care au service des personnes \u00e2g\u00e9es ?\u201d et \u201c\u00c9conomie du care : formation et qualit\u00e9 des services\u201d.<\/h4>\n<h4 dir=\"ltr\">Il convient de rappeler que la premi\u00e8re rencontre r\u00e9gionale sur les droits des personnes \u00e2g\u00e9es avait \u00e9t\u00e9 organis\u00e9e en mai dernier avec la r\u00e9gion Casablanca-Settat.<\/h4>\n","protected":false},"excerpt":{"rendered":"<p>al boughaz news \u00a0Un m\u00e9morandum d\u2019entente (MoU) a \u00e9t\u00e9 sign\u00e9, lundi \u00e0 Tanger, entre le Secr\u00e9tariat d\u2019\u00c9tat charg\u00e9 de l\u2019Inclusion sociale et le Conseil de la r\u00e9gion Tanger-T\u00e9touan-Al Hoceima, portant sur la promotion des droits des personnes \u00e2g\u00e9es et le renforcement de leur inclusion \u00e9conomique et sociale. Paraph\u00e9 par le secr\u00e9taire d\u2019\u00c9tat charg\u00e9 de l\u2019Inclusion [&hellip;]<\/p>\n","protected":false},"author":1,"featured_media":80129,"comment_status":"open","ping_status":"open","sticky":false,"template":"","format":"standard","meta":{"footnotes":""},"categories":[7294],"tags":[],"class_list":["post-80128","post","type-post","status-publish","format-standard","has-post-thumbnail","hentry","category-version-francaise"],"_links":{"self":[{"href":"https:\/\/www.alboughaznews.ma\/index.php?rest_route=\/wp\/v2\/posts\/80128","targetHints":{"allow":["GET"]}}],"collection":[{"href":"https:\/\/www.alboughaznews.ma\/index.php?rest_route=\/wp\/v2\/posts"}],"about":[{"href":"https:\/\/www.alboughaznews.ma\/index.php?rest_route=\/wp\/v2\/types\/post"}],"author":[{"embeddable":true,"href":"https:\/\/www.alboughaznews.ma\/index.php?rest_route=\/wp\/v2\/users\/1"}],"replies":[{"embeddable":true,"href":"https:\/\/www.alboughaznews.ma\/index.php?rest_route=%2Fwp%2Fv2%2Fcomments&post=80128"}],"version-history":[{"count":1,"href":"https:\/\/www.alboughaznews.ma\/index.php?rest_route=\/wp\/v2\/posts\/80128\/revisions"}],"predecessor-version":[{"id":80133,"href":"https:\/\/www.alboughaznews.ma\/index.php?rest_route=\/wp\/v2\/posts\/80128\/revisions\/80133"}],"wp:featuredmedia":[{"embeddable":true,"href":"https:\/\/www.alboughaznews.ma\/index.php?rest_route=\/wp\/v2\/media\/80129"}],"wp:attachment":[{"href":"https:\/\/www.alboughaznews.ma\/index.php?rest_route=%2Fwp%2Fv2%2Fmedia&parent=80128"}],"wp:term":[{"taxonomy":"category","embeddable":true,"href":"https:\/\/www.alboughaznews.ma\/index.php?rest_route=%2Fwp%2Fv2%2Fcategories&post=80128"},{"taxonomy":"post_tag","embeddable":true,"href":"https:\/\/www.alboughaznews.ma\/index.php?rest_route=%2Fwp%2Fv2%2Ftags&post=80128"}],"curies":[{"name":"wp","href":"https:\/\/api.w.org\/{rel}","templated":true}]}}