{"id":79427,"date":"2025-09-07T23:00:41","date_gmt":"2025-09-07T22:00:41","guid":{"rendered":"https:\/\/www.alboughaznews.ma\/?p=79427"},"modified":"2025-09-07T16:11:36","modified_gmt":"2025-09-07T15:11:36","slug":"lespagne-fait-du-tunnel-sous-marin-tanger-tarifa-sa-priorite-geostrategique-absolue","status":"publish","type":"post","link":"https:\/\/www.alboughaznews.ma\/?p=79427","title":{"rendered":"L&#8217;Espagne fait du tunnel sous-marin Tanger-Tarifa sa priorit\u00e9 g\u00e9ostrat\u00e9gique absolue"},"content":{"rendered":"<h4 dir=\"ltr\">al boughaz news<\/h4>\n<h4 dir=\"ltr\" data-t=\"{&quot;n&quot;:&quot;blueLinks&quot;,&quot;t&quot;:13,&quot;a&quot;:&quot;click&quot;,&quot;b&quot;:76}\">L\u2019Espagne fait du tunnel sous-marin Tanger-Tarifa sa priorit\u00e9 g\u00e9ostrat\u00e9gique absolue. Selon la presse ib\u00e9rique, Madrid consid\u00e8re cette infrastructure de 38 kilom\u00e8tres comme l\u2019investissement du si\u00e8cle pour transformer la p\u00e9ninsule en hub continental et acc\u00e9l\u00e9rer l\u2019int\u00e9gration euro-africaine. Un pari \u00e9conomique majeur qui t\u00e9moigne de la confiance totale de l\u2019Espagne dans le partenariat avec le Royaume.<\/h4>\n<h4 dir=\"ltr\" data-t=\"{&quot;n&quot;:&quot;blueLinks&quot;,&quot;t&quot;:13,&quot;a&quot;:&quot;click&quot;,&quot;b&quot;:76}\">La presse ib\u00e9rique confirme l\u2019engagement total de l\u2019Espagne dans le projet qui relierait Tarifa et Tanger via un tunnel sous-marin de 38 kilom\u00e8tres, infrastructure appel\u00e9e \u00e0 transformer les relations commerciales entre l\u2019Europe et l\u2019Afrique.<\/h4>\n<p><img loading=\"lazy\" decoding=\"async\" class=\"aligncenter size-full wp-image-79428\" src=\"https:\/\/www.alboughaznews.ma\/wp-content\/uploads\/2025\/09\/AA1sRLdX.jpg\" alt=\"\" width=\"768\" height=\"512\" srcset=\"https:\/\/www.alboughaznews.ma\/wp-content\/uploads\/2025\/09\/AA1sRLdX.jpg 768w, https:\/\/www.alboughaznews.ma\/wp-content\/uploads\/2025\/09\/AA1sRLdX-300x200.jpg 300w\" sizes=\"auto, (max-width: 768px) 100vw, 768px\" \/><\/p>\n<h4 class=\"continue-read-break\" dir=\"ltr\" data-t=\"{&quot;n&quot;:&quot;blueLinks&quot;,&quot;t&quot;:13,&quot;a&quot;:&quot;click&quot;,&quot;b&quot;:76}\">L\u2019ambitieux projet de connexion ferroviaire sous-marine entre le Maroc et l\u2019Espagne prend une dimension g\u00e9opolitique majeure, les m\u00e9dias espagnols soulignant l\u2019importance strat\u00e9gique que Madrid accorde \u00e0 ce partenariat avec le Royaume. Cette infrastructure, qualifi\u00e9e par les experts ib\u00e9riques de \u00ab\u00a0<em>pont civilisationnel<\/em>\u00ab , s\u2019impose comme l\u2019une des priorit\u00e9s absolues du gouvernement S\u00e1nchez.<img decoding=\"async\" style=\"text-transform: inherit;\" src=\"https:\/\/assets.msn.com\/staticsb\/statics\/latest\/views\/icons\/textExpand_filled.svg\" alt=\"Expand article logo\" aria-hidden=\"true\" \/><span style=\"text-transform: inherit;\">\u00a0\u00a0Continuer la lecture<\/span><\/h4>\n<h4 dir=\"ltr\" data-t=\"{&quot;n&quot;:&quot;blueLinks&quot;,&quot;t&quot;:13,&quot;a&quot;:&quot;click&quot;,&quot;b&quot;:76}\">Les sources diplomatiques espagnoles, relay\u00e9es par la presse de la p\u00e9ninsule, confirment que l\u2019Espagne consid\u00e8re ce tunnel comme un investissement d\u2019avenir qui positionnera d\u00e9finitivement la r\u00e9gion comme carrefour \u00e9conomique mondial. Le ministre espagnol des Transports, \u00d3scar Puente, n\u2019a d\u2019ailleurs pas cach\u00e9 lors de sa visite \u00e0 Rabat en mars dernier l\u2019enthousiasme des entreprises espagnoles pour ce projet qualifi\u00e9 de \u00ab\u00a0<em>game-changer g\u00e9o\u00e9conomique<\/em>\u00ab\u00a0.<\/h4>\n","protected":false},"excerpt":{"rendered":"<p>al boughaz news L\u2019Espagne fait du tunnel sous-marin Tanger-Tarifa sa priorit\u00e9 g\u00e9ostrat\u00e9gique absolue. Selon la presse ib\u00e9rique, Madrid consid\u00e8re cette infrastructure de 38 kilom\u00e8tres comme l\u2019investissement du si\u00e8cle pour transformer la p\u00e9ninsule en hub continental et acc\u00e9l\u00e9rer l\u2019int\u00e9gration euro-africaine. Un pari \u00e9conomique majeur qui t\u00e9moigne de la confiance totale de l\u2019Espagne dans le partenariat avec [&hellip;]<\/p>\n","protected":false},"author":1,"featured_media":79428,"comment_status":"open","ping_status":"open","sticky":false,"template":"","format":"standard","meta":{"footnotes":""},"categories":[7294],"tags":[],"class_list":["post-79427","post","type-post","status-publish","format-standard","has-post-thumbnail","hentry","category-version-francaise"],"_links":{"self":[{"href":"https:\/\/www.alboughaznews.ma\/index.php?rest_route=\/wp\/v2\/posts\/79427","targetHints":{"allow":["GET"]}}],"collection":[{"href":"https:\/\/www.alboughaznews.ma\/index.php?rest_route=\/wp\/v2\/posts"}],"about":[{"href":"https:\/\/www.alboughaznews.ma\/index.php?rest_route=\/wp\/v2\/types\/post"}],"author":[{"embeddable":true,"href":"https:\/\/www.alboughaznews.ma\/index.php?rest_route=\/wp\/v2\/users\/1"}],"replies":[{"embeddable":true,"href":"https:\/\/www.alboughaznews.ma\/index.php?rest_route=%2Fwp%2Fv2%2Fcomments&post=79427"}],"version-history":[{"count":1,"href":"https:\/\/www.alboughaznews.ma\/index.php?rest_route=\/wp\/v2\/posts\/79427\/revisions"}],"predecessor-version":[{"id":79429,"href":"https:\/\/www.alboughaznews.ma\/index.php?rest_route=\/wp\/v2\/posts\/79427\/revisions\/79429"}],"wp:featuredmedia":[{"embeddable":true,"href":"https:\/\/www.alboughaznews.ma\/index.php?rest_route=\/wp\/v2\/media\/79428"}],"wp:attachment":[{"href":"https:\/\/www.alboughaznews.ma\/index.php?rest_route=%2Fwp%2Fv2%2Fmedia&parent=79427"}],"wp:term":[{"taxonomy":"category","embeddable":true,"href":"https:\/\/www.alboughaznews.ma\/index.php?rest_route=%2Fwp%2Fv2%2Fcategories&post=79427"},{"taxonomy":"post_tag","embeddable":true,"href":"https:\/\/www.alboughaznews.ma\/index.php?rest_route=%2Fwp%2Fv2%2Ftags&post=79427"}],"curies":[{"name":"wp","href":"https:\/\/api.w.org\/{rel}","templated":true}]}}