{"id":79399,"date":"2025-09-06T23:00:14","date_gmt":"2025-09-06T22:00:14","guid":{"rendered":"https:\/\/www.alboughaznews.ma\/?p=79399"},"modified":"2025-09-06T22:28:10","modified_gmt":"2025-09-06T21:28:10","slug":"tanger-lancement-de-la-strategie-nationale-pour-la-conservation-des-rapaces","status":"publish","type":"post","link":"https:\/\/www.alboughaznews.ma\/?p=79399","title":{"rendered":"Tanger: Lancement de la Strat\u00e9gie nationale pour la conservation des rapaces"},"content":{"rendered":"<h4 dir=\"ltr\">al boughaz news<\/h4>\n<h4 dir=\"ltr\">L\u2019Union internationale pour la conservation de la nature (UICN) et l\u2019Agence nationale des eaux et for\u00eats (ANEF) ont lanc\u00e9, \u00e0 Tanger, la Strat\u00e9gie nationale pour la conservation des oiseaux de proie 2024\u20132034, premi\u00e8re du genre dans la r\u00e9gion.<\/h4>\n<h4 dir=\"ltr\">Lanc\u00e9e dans le cadre\u00a0de la Foire ornithologique de Jbel Moussa, rendez-vous incontournable des experts d\u2019ornithologie au nord du Maroc, qui se tient du 5 au 7 septembre, cette strat\u00e9gie cible douze esp\u00e8ces de rapaces, migrateurs et r\u00e9sidents, parmi lesquelles le gypa\u00e8te barbu, le vautour percnopt\u00e8re, l\u2019aigle de Bonelli, l\u2019aigle royal ou encore le vautour fauve, revenu r\u00e9cemment apr\u00e8s quarante ans d\u2019absence comme nicheur au Maroc, indique un communiqu\u00e9 de l\u2019UICN, notant que cette strat\u00e9gie marque un tournant majeur pour la protection de ces esp\u00e8ces embl\u00e9matiques.<\/h4>\n<p><img loading=\"lazy\" decoding=\"async\" class=\"aligncenter size-full wp-image-79376\" src=\"https:\/\/www.alboughaznews.ma\/wp-content\/uploads\/2025\/09\/birds-prey-780x450-1.jpg\" alt=\"\" width=\"780\" height=\"450\" srcset=\"https:\/\/www.alboughaznews.ma\/wp-content\/uploads\/2025\/09\/birds-prey-780x450-1.jpg 780w, https:\/\/www.alboughaznews.ma\/wp-content\/uploads\/2025\/09\/birds-prey-780x450-1-300x173.jpg 300w, https:\/\/www.alboughaznews.ma\/wp-content\/uploads\/2025\/09\/birds-prey-780x450-1-768x443.jpg 768w\" sizes=\"auto, (max-width: 780px) 100vw, 780px\" \/><\/p>\n<h4 dir=\"ltr\">Fruit d\u2019un travail concert\u00e9 entre diff\u00e9rents d\u00e9partements concern\u00e9s, institutions scientifiques, ONG et acteurs locaux, cette Strat\u00e9gie vise \u00e0 inverser le d\u00e9clin des populations des esp\u00e8ces cibl\u00e9es.<\/h4>\n<h4 dir=\"ltr\">A travers la mise en oeuvre de son plan d\u2019action, elle pr\u00e9voit l\u2019att\u00e9nuation et la pr\u00e9vention des risques de mortalit\u00e9 des rapaces li\u00e9s aux infrastructures \u00e9nerg\u00e9tiques, le renforcement de la protection de leurs habitats naturels et l\u2019am\u00e9lioration de la disponibilit\u00e9 alimentaire, mais aussi la multiplication des actions de recherche et de suivi, pr\u00e9cise la m\u00eame source, soulignant qu\u2019un r\u00e9seau de centres de soins des rapaces contribuerait \u00e0 la r\u00e9habilitation et \u00e0 la r\u00e9introduction dans la nature des sp\u00e9cimens affaiblis.<\/h4>\n<h4 dir=\"ltr\">Au-del\u00e0 des objectifs chiffr\u00e9s, la Strat\u00e9gie exprime une ambition forte: que d\u2019ici 2034, l\u2019\u00e9tat de conservation des rapaces nicheurs au Maroc est am\u00e9lior\u00e9 et le pays est devenu un corridor favorable de migration entre l\u2019Europe et l\u2019Afrique, conciliant d\u00e9veloppement socio\u00e9conomique et respect de la nature.<\/h4>\n<h4 dir=\"ltr\">\u201cLe Maroc confirme son r\u00f4le de pionnier dans la conservation des esp\u00e8ces menac\u00e9es et dans la protection des rapaces, qui sont non seulement des sentinelles de l\u2019\u00e9quilibre \u00e9cologique, mais aussi un patrimoine vivant partag\u00e9 entre les rives de la M\u00e9diterran\u00e9e\u201d, a soulign\u00e9 Zouhair Amhaouch, chef de D\u00e9partement des parcs nationaux et des aires prot\u00e9g\u00e9es \u00e0 l\u2019ANEF, cit\u00e9 dans le communiqu\u00e9.<\/h4>\n<h4 dir=\"ltr\">Cette initiative s\u2019inscrit dans une d\u00e9marche plus large conduite par le Centre de coop\u00e9ration pour la M\u00e9diterran\u00e9e de l\u2019UICN (UICN Med), qui appuie plusieurs pays de la r\u00e9gion pour le d\u00e9veloppement et la mise en place de strat\u00e9gies et plans d\u2019action pour la conservation de la biodiversit\u00e9.<\/h4>\n<h4 dir=\"ltr\">\u201cCette initiative illustre notre volont\u00e9 d\u2019accompagner les \u00c9tats m\u00e9diterran\u00e9ens\u00a0dans leurs efforts pour enrayer la perte de biodiversit\u00e9 et r\u00e9pondre aux objectifs mondiaux du Cadre de Kunming-Montr\u00e9al\u201d, a indiqu\u00e9, de son c\u00f4t\u00e9, le directeur de l\u2019UICN Med, Maher Mahjoub.<\/h4>\n<h4 dir=\"ltr\">La c\u00e9l\u00e9bration de cette premi\u00e8re Foire ornithologique, o\u00f9 s\u2019inscrit le lancement de cette strat\u00e9gie, rev\u00eat \u00e9galement une dimension symbolique particuli\u00e8re puisqu\u2019elle co\u00efncide avec la Journ\u00e9e internationale des vautours 2025, \u00e9v\u00e9nement mondial destin\u00e9 pour la sensibilisation \u00e0 l\u2019importance de ces grands charognards pour la sant\u00e9 des \u00e9cosyst\u00e8mes.<\/h4>\n<h4 dir=\"ltr\">Le Maroc devient, ainsi, le premier pays de la r\u00e9gion \u00e0 se doter d\u2019un cadre strat\u00e9gique d\u00e9cennal d\u00e9di\u00e9 aux rapaces, une \u00e9tape d\u00e9cisive qui renforce la conservation de sa richesse faunistique et la coop\u00e9ration r\u00e9gionale en la mati\u00e8re.<\/h4>\n<h4 dir=\"ltr\">Cette strat\u00e9gie, initi\u00e9e par l\u2019ANEF et coordonn\u00e9e avec l\u2019UICN Med et le Groupe de sp\u00e9cialistes de la planification de la conservation de l\u2019UICN, a \u00e9t\u00e9 \u00e9labor\u00e9e gr\u00e2ce \u00e0 la collaboration de nombreux experts et institutions, avec le soutien de la Fondation MAVA et de l\u2019Agence fran\u00e7aise de d\u00e9veloppement, \u00e0 travers Expertise France.<\/h4>\n<h4 dir=\"ltr\">Il est \u00e0 noter que le Maroc, situ\u00e9 sur la principale voie migratoire entre l\u2019Europe et l\u2019Afrique, joue un r\u00f4le vital pour plus de 300.000 rapaces chaque ann\u00e9e, mais ces esp\u00e8ces sont confront\u00e9es \u00e0 de multiples menaces: \u00e9lectrocution sur les lignes \u00e9lectriques, collision avec les \u00e9oliennes, d\u00e9gradation des habitats, risque d\u2019empoisonnement ou encore braconnage.<\/h4>\n","protected":false},"excerpt":{"rendered":"<p>al boughaz news L\u2019Union internationale pour la conservation de la nature (UICN) et l\u2019Agence nationale des eaux et for\u00eats (ANEF) ont lanc\u00e9, \u00e0 Tanger, la Strat\u00e9gie nationale pour la conservation des oiseaux de proie 2024\u20132034, premi\u00e8re du genre dans la r\u00e9gion. Lanc\u00e9e dans le cadre\u00a0de la Foire ornithologique de Jbel Moussa, rendez-vous incontournable des experts [&hellip;]<\/p>\n","protected":false},"author":1,"featured_media":79376,"comment_status":"open","ping_status":"open","sticky":false,"template":"","format":"standard","meta":{"footnotes":""},"categories":[7294],"tags":[],"class_list":["post-79399","post","type-post","status-publish","format-standard","has-post-thumbnail","hentry","category-version-francaise"],"_links":{"self":[{"href":"https:\/\/www.alboughaznews.ma\/index.php?rest_route=\/wp\/v2\/posts\/79399","targetHints":{"allow":["GET"]}}],"collection":[{"href":"https:\/\/www.alboughaznews.ma\/index.php?rest_route=\/wp\/v2\/posts"}],"about":[{"href":"https:\/\/www.alboughaznews.ma\/index.php?rest_route=\/wp\/v2\/types\/post"}],"author":[{"embeddable":true,"href":"https:\/\/www.alboughaznews.ma\/index.php?rest_route=\/wp\/v2\/users\/1"}],"replies":[{"embeddable":true,"href":"https:\/\/www.alboughaznews.ma\/index.php?rest_route=%2Fwp%2Fv2%2Fcomments&post=79399"}],"version-history":[{"count":1,"href":"https:\/\/www.alboughaznews.ma\/index.php?rest_route=\/wp\/v2\/posts\/79399\/revisions"}],"predecessor-version":[{"id":79400,"href":"https:\/\/www.alboughaznews.ma\/index.php?rest_route=\/wp\/v2\/posts\/79399\/revisions\/79400"}],"wp:featuredmedia":[{"embeddable":true,"href":"https:\/\/www.alboughaznews.ma\/index.php?rest_route=\/wp\/v2\/media\/79376"}],"wp:attachment":[{"href":"https:\/\/www.alboughaznews.ma\/index.php?rest_route=%2Fwp%2Fv2%2Fmedia&parent=79399"}],"wp:term":[{"taxonomy":"category","embeddable":true,"href":"https:\/\/www.alboughaznews.ma\/index.php?rest_route=%2Fwp%2Fv2%2Fcategories&post=79399"},{"taxonomy":"post_tag","embeddable":true,"href":"https:\/\/www.alboughaznews.ma\/index.php?rest_route=%2Fwp%2Fv2%2Ftags&post=79399"}],"curies":[{"name":"wp","href":"https:\/\/api.w.org\/{rel}","templated":true}]}}