{"id":76252,"date":"2025-06-20T23:00:58","date_gmt":"2025-06-20T22:00:58","guid":{"rendered":"https:\/\/www.alboughaznews.ma\/?p=76252"},"modified":"2025-06-20T21:40:42","modified_gmt":"2025-06-20T20:40:42","slug":"tanger-forum-demploi-et-dentrepreneuriat-pour-favoriser-linsertion-des-diplomes-dans-le-marche-du-travail","status":"publish","type":"post","link":"https:\/\/www.alboughaznews.ma\/?p=76252","title":{"rendered":"Tanger: Forum d\u2019emploi et d\u2019entrepreneuriat pour favoriser l\u2019insertion des dipl\u00f4m\u00e9s dans le march\u00e9 du travail"},"content":{"rendered":"<h4 dir=\"ltr\">al boughaz news<\/h4>\n<h4 dir=\"ltr\">La premi\u00e8re \u00e9dition du Forum d\u2019emploi et d\u2019entrepreneuriat s\u2019est tenue, jeudi \u00e0 Tanger, en vue de renforcer la capacit\u00e9 des jeunes \u00e0 s\u2019int\u00e9grer dans le march\u00e9 du travail.<\/h4>\n<h4 dir=\"ltr\">Plac\u00e9 sous le th\u00e8me \u201cLa formation cr\u00e9e le leadership\u201d, le forum vise \u00e0 mettre en avant l\u2019importance de l\u2019entrepreneuriat dans le renforcement des opportunit\u00e9s d\u2019emploi, en servant de plateforme d\u2019\u00e9change d\u2019expertise entre les acteurs \u00e9conomiques des secteurs public et priv\u00e9, contribuant ainsi \u00e0 la cr\u00e9ation d\u2019emplois durables et \u00e0 la r\u00e9alisation d\u2019un d\u00e9veloppement \u00e9conomique global.<\/h4>\n<p><img loading=\"lazy\" decoding=\"async\" class=\"aligncenter  wp-image-76185\" src=\"https:\/\/www.alboughaznews.ma\/wp-content\/uploads\/2025\/06\/WhatsApp-Image-2025-06-19-at-17.37.18-1.jpeg\" alt=\"\" width=\"785\" height=\"446\" srcset=\"https:\/\/www.alboughaznews.ma\/wp-content\/uploads\/2025\/06\/WhatsApp-Image-2025-06-19-at-17.37.18-1.jpeg 695w, https:\/\/www.alboughaznews.ma\/wp-content\/uploads\/2025\/06\/WhatsApp-Image-2025-06-19-at-17.37.18-1-300x171.jpeg 300w\" sizes=\"auto, (max-width: 785px) 100vw, 785px\" \/><\/p>\n<h4 dir=\"ltr\">Organis\u00e9 \u00e0 l\u2019initiative de la Chambre de commerce, d\u2019industrie et de services (CCIS) de la r\u00e9gion Tanger-T\u00e9touan-Al Hoceima, ce forum vise \u00e9galement \u00e0 renforcer la convergence des efforts nationaux et r\u00e9gionaux pour offrir une formation qui r\u00e9pond aux besoins du march\u00e9 du travail et encourager l\u2019auto-initiative, dans le but de d\u00e9velopper le capital humain et d\u2019en faire la pierre angulaire pour parvenir \u00e0 un d\u00e9veloppement global et durable.<\/h4>\n<h4 dir=\"ltr\">Cet \u00e9v\u00e9nement, organis\u00e9 en partenariat avec l\u2019arrondissement de Souani et plusieurs acteurs op\u00e9rant dans le domaine de la formation, s\u2019est tenu en pr\u00e9sence de repr\u00e9sentants du tissu entrepreneurial et industriel de la r\u00e9gion, d\u2019associations professionnelles et d\u2019institutions publiques partenaires de l\u2019\u00e9cosyst\u00e8me entrepreneurial.<\/h4>\n<h4 dir=\"ltr\">A cette occasion, le pr\u00e9sident de la CCIS, Abdellatif Afailal, a indiqu\u00e9 que la tenue de ce forum s\u2019inscrit dans le cadre d\u2019une prise de conscience collective de la n\u00e9cessit\u00e9 d\u2019offrir des espaces d\u2019\u00e9change d\u2019expertise et d\u2019orientation des jeunes vers les exigences du march\u00e9 du travail, notant que la chambre accompagne cette dynamique par des programmes de formation et des initiatives visant \u00e0 soutenir les petites entreprises.<\/h4>\n<p><img loading=\"lazy\" decoding=\"async\" class=\"aligncenter  wp-image-76188\" src=\"https:\/\/www.alboughaznews.ma\/wp-content\/uploads\/2025\/06\/WhatsApp-Image-2025-06-19-at-17.37.18.jpeg\" alt=\"\" width=\"810\" height=\"528\" srcset=\"https:\/\/www.alboughaznews.ma\/wp-content\/uploads\/2025\/06\/WhatsApp-Image-2025-06-19-at-17.37.18.jpeg 692w, https:\/\/www.alboughaznews.ma\/wp-content\/uploads\/2025\/06\/WhatsApp-Image-2025-06-19-at-17.37.18-300x196.jpeg 300w, https:\/\/www.alboughaznews.ma\/wp-content\/uploads\/2025\/06\/WhatsApp-Image-2025-06-19-at-17.37.18-210x136.jpeg 210w\" sizes=\"auto, (max-width: 810px) 100vw, 810px\" \/><\/p>\n<h4 dir=\"ltr\">La r\u00e9gion de Tanger-T\u00e9touan-Al Hoceima comprend des projets strat\u00e9giques dans divers domaines, contribuant \u00e0 accro\u00eetre les opportunit\u00e9s d\u2019emploi et \u00e0 renforcer son attractivit\u00e9, a-t-il relev\u00e9, soulignant que le d\u00e9fi d\u00e9sormais n\u2019est pas seulement de lancer des projets, mais \u00e9galement d\u2019assurer leur p\u00e9rennit\u00e9 et de d\u00e9velopper les comp\u00e9tences n\u00e9cessaires pour accompagner leur d\u00e9veloppement.<\/h4>\n<h4 dir=\"ltr\">Pour sa part, le maire de Tanger, Mounir Laymouri, a fait savoir que ce forum refl\u00e8te le dynamisme de Tanger en tant que ville engag\u00e9e en mati\u00e8re d\u2019ad\u00e9quation formation-emploi, d\u2019encouragement de l\u2019entrepreneuriat et de renforcement de l\u2019employabilit\u00e9 des jeunes, passant en revue les efforts d\u00e9ploy\u00e9s par la commune en mati\u00e8re d\u2019autonomisation \u00e9conomique des jeunes, en tant que levier essentiel de l\u2019int\u00e9gration sociale.<\/h4>\n<p><img loading=\"lazy\" decoding=\"async\" class=\"aligncenter  wp-image-76186\" src=\"https:\/\/www.alboughaznews.ma\/wp-content\/uploads\/2025\/06\/WhatsApp-Image-2025-06-19-at-17.37.17.jpeg\" alt=\"\" width=\"744\" height=\"385\" srcset=\"https:\/\/www.alboughaznews.ma\/wp-content\/uploads\/2025\/06\/WhatsApp-Image-2025-06-19-at-17.37.17.jpeg 705w, https:\/\/www.alboughaznews.ma\/wp-content\/uploads\/2025\/06\/WhatsApp-Image-2025-06-19-at-17.37.17-300x155.jpeg 300w\" sizes=\"auto, (max-width: 744px) 100vw, 744px\" \/><\/p>\n<h4 dir=\"ltr\">Il a, en outre, mis en avant la n\u00e9cessit\u00e9 de renforcer la coordination institutionnelle entre les collectivit\u00e9s territoriales, les chambres professionnelles et les conseils r\u00e9gionaux pour b\u00e2tir un syst\u00e8me territorial performant capable d\u2019accompagner le rythme des transformations \u00e9conomiques et d\u2019ouvrir de nouveaux horizons \u00e0 la jeunesse, expliquant dans ce sens que la ville de Tanger, compte tenu de sa situation \u00e9conomique strat\u00e9gique, est aujourd\u2019hui plus que jamais appel\u00e9e \u00e0 investir dans le capital humain pour assurer la p\u00e9rennit\u00e9 de sa dynamique de d\u00e9veloppement.<\/h4>\n<h4 dir=\"ltr\">Quant \u00e0 Abdessamad Azkar, membre du comit\u00e9 d\u2019organisation, il a not\u00e9 que cette premi\u00e8re \u00e9dition vise \u00e0 permettre aux jeunes d\u2019\u00e9changer directement avec les entreprises de la r\u00e9gion, ajoutant que l\u2019afflux des jeunes et de nombreuses entreprises de tous secteurs t\u00e9moigne du \u201csucc\u00e8s\u201d de cette \u00e9dition.<\/h4>\n<h4 dir=\"ltr\">Cette \u00e9dition du Forum a r\u00e9uni des entreprises op\u00e9rant dans les secteurs de l\u2019industrie, de la logistique, du tourisme et de l\u2019\u00e9conomie verte, ainsi que des institutions op\u00e9rant dans l\u2019\u00e9cosyst\u00e8me r\u00e9gional d\u2019investissement entrepreneurial.<\/h4>\n","protected":false},"excerpt":{"rendered":"<p>al boughaz news La premi\u00e8re \u00e9dition du Forum d\u2019emploi et d\u2019entrepreneuriat s\u2019est tenue, jeudi \u00e0 Tanger, en vue de renforcer la capacit\u00e9 des jeunes \u00e0 s\u2019int\u00e9grer dans le march\u00e9 du travail. Plac\u00e9 sous le th\u00e8me \u201cLa formation cr\u00e9e le leadership\u201d, le forum vise \u00e0 mettre en avant l\u2019importance de l\u2019entrepreneuriat dans le renforcement des opportunit\u00e9s [&hellip;]<\/p>\n","protected":false},"author":1,"featured_media":76253,"comment_status":"open","ping_status":"open","sticky":false,"template":"","format":"standard","meta":{"footnotes":""},"categories":[1],"tags":[],"class_list":["post-76252","post","type-post","status-publish","format-standard","has-post-thumbnail","hentry","category-non-classe"],"_links":{"self":[{"href":"https:\/\/www.alboughaznews.ma\/index.php?rest_route=\/wp\/v2\/posts\/76252","targetHints":{"allow":["GET"]}}],"collection":[{"href":"https:\/\/www.alboughaznews.ma\/index.php?rest_route=\/wp\/v2\/posts"}],"about":[{"href":"https:\/\/www.alboughaznews.ma\/index.php?rest_route=\/wp\/v2\/types\/post"}],"author":[{"embeddable":true,"href":"https:\/\/www.alboughaznews.ma\/index.php?rest_route=\/wp\/v2\/users\/1"}],"replies":[{"embeddable":true,"href":"https:\/\/www.alboughaznews.ma\/index.php?rest_route=%2Fwp%2Fv2%2Fcomments&post=76252"}],"version-history":[{"count":1,"href":"https:\/\/www.alboughaznews.ma\/index.php?rest_route=\/wp\/v2\/posts\/76252\/revisions"}],"predecessor-version":[{"id":76254,"href":"https:\/\/www.alboughaznews.ma\/index.php?rest_route=\/wp\/v2\/posts\/76252\/revisions\/76254"}],"wp:featuredmedia":[{"embeddable":true,"href":"https:\/\/www.alboughaznews.ma\/index.php?rest_route=\/wp\/v2\/media\/76253"}],"wp:attachment":[{"href":"https:\/\/www.alboughaznews.ma\/index.php?rest_route=%2Fwp%2Fv2%2Fmedia&parent=76252"}],"wp:term":[{"taxonomy":"category","embeddable":true,"href":"https:\/\/www.alboughaznews.ma\/index.php?rest_route=%2Fwp%2Fv2%2Fcategories&post=76252"},{"taxonomy":"post_tag","embeddable":true,"href":"https:\/\/www.alboughaznews.ma\/index.php?rest_route=%2Fwp%2Fv2%2Ftags&post=76252"}],"curies":[{"name":"wp","href":"https:\/\/api.w.org\/{rel}","templated":true}]}}