{"id":75322,"date":"2025-06-01T23:00:08","date_gmt":"2025-06-01T22:00:08","guid":{"rendered":"https:\/\/www.alboughaznews.ma\/?p=75322"},"modified":"2025-06-01T18:25:06","modified_gmt":"2025-06-01T17:25:06","slug":"trois-questions-a-la-presidente-du-festival-des-trois-rives-tanger-chante-le-monde-nadia-benjelloun","status":"publish","type":"post","link":"https:\/\/www.alboughaznews.ma\/?p=75322","title":{"rendered":"Trois questions \u00e0 la pre\u0301sidente du Festival des Trois Rives \u201cTanger Chante le Monde\u201d, Nadia Benjelloun"},"content":{"rendered":"<h4 dir=\"ltr\"><strong>Alboughaz news : La ville du D\u00e9troit a accueilli du 29 mai au 1er juin, la 1\u00e8re \u00e9dition du Festival des Trois Rives \u201cTanger Chante le Monde\u201d, un \u00e9v\u00e8nement culturel qui c\u00e9l\u00e8bre la richesse culturelle de Tanger, \u00e0 travers une programmation riche et vari\u00e9e, \u00e0 l\u2019image de la ville, alliant rencontres litt\u00e9raires, moments po\u00e9tiques, exposition et spectacles en plein air.<\/strong><\/h4>\n<h4 dir=\"ltr\"><strong>Dans un entretien accord\u00e9 \u00e0 la MAP, la pre\u0301sidente du festival, Nadia Benjelloun, souligne que le programme de cette premi\u00e8re \u00e9dition a \u00e9t\u00e9 concoct\u00e9 de fa\u00e7on \u00e0 rendre hommage \u00e0 Tanger, ville aux \u201cregards crois\u00e9s\u201d anim\u00e9e par un ve\u0301ritable de\u0301sir de vivre ensemble. Mais pas seulement.<\/strong><\/h4>\n<h4 dir=\"ltr\"><strong>Pour Mme Benjelloun, cette manifestation culturelle, plac\u00e9e sous le signe du partage et du vivre-ensemble, aspire \u00e9galement \u00e0 transmettre un message de paix et d\u2019espoir dans un monde marqu\u00e9 par les crises et les conflits, \u00e0 la faveur de l\u2019art, qui reste, a\u0300 son sens, une forme de re\u0301sistance et une fac\u0327on de dire que, malgre\u0301 tout, la beaute\u0301 et la cre\u0301ation ont toujours leur place dans ce monde.<\/strong><br \/>\n<strong>1- D\u2019o\u00f9 vient l\u2019ide\u0301e du Festival des Trois Rives \u201cTanger chante le monde\u201d, et quelle est sa particularite\u0301 ?<\/strong><\/h4>\n<h4 dir=\"ltr\"><strong>J\u2019ai toujours \u00e9t\u00e9 anim\u00e9e par le d\u00e9sir de refl\u00e9ter la diversit\u00e9 culturelle de la ville de Tanger et son ouverture sur le monde \u00e0 travers un \u00e9v\u00e9nement culturel qui se veut \u00e0 son image, d\u2019o\u00f9 l\u2019id\u00e9e d\u2019organiser le \u201cFestival des Trois Rives, Tanger chante le monde\u201d. Je l\u2019ai intitul\u00e9 ainsi en faisant r\u00e9f\u00e9rence \u00e0 la rive du Nord, \u00e0 la rive du Sud, mais aussi \u00e0 une troisi\u00e8me rive qui fascine, celle de l\u2019ailleurs que chacun voit, selon les penchants de son a\u0302me, comme un re\u0302ve d\u2019ailleurs, d\u2019ouverture a\u0300 l\u2019autre, de spiritualite\u0301 ou de contemplation.<\/strong><\/h4>\n<h4 dir=\"ltr\"><strong>L\u2019ide\u0301e est de magnifier Tanger, une ville tre\u0300s attractive qui regorge de richesses historiques et culturelles, et de faire plaisir a\u0300 ceux qui l\u2019aiment, ceux qui viennent, ceux qui partent et ceux qui y habitent, \u00e0 travers un festival plac\u00e9 sous le signe de la diversite\u0301, dont la programmation allie concerts, e\u0301changes litte\u0301raires et moments poe\u0301tiques.<\/strong><\/h4>\n<p><img loading=\"lazy\" decoding=\"async\" class=\"aligncenter  wp-image-75306\" src=\"https:\/\/www.alboughaznews.ma\/wp-content\/uploads\/2025\/06\/Nouveau-projet720-508x300-1.webp\" alt=\"\" width=\"743\" height=\"439\" srcset=\"https:\/\/www.alboughaznews.ma\/wp-content\/uploads\/2025\/06\/Nouveau-projet720-508x300-1.webp 508w, https:\/\/www.alboughaznews.ma\/wp-content\/uploads\/2025\/06\/Nouveau-projet720-508x300-1-300x177.webp 300w, https:\/\/www.alboughaznews.ma\/wp-content\/uploads\/2025\/06\/Nouveau-projet720-508x300-1-357x210.webp 357w\" sizes=\"auto, (max-width: 743px) 100vw, 743px\" \/><\/p>\n<h4 dir=\"ltr\"><strong>C\u2019est d\u2019ailleurs l\u00e0 o\u00f9 r\u00e9side toute sa particularit\u00e9, puisqu\u2019il ne s\u2019agit pas seulement d\u2019un festival musical, mais d\u2019un \u00e9v\u00e9nement culturel haut en couleur, o\u00f9 la litt\u00e9rature, la po\u00e9sie et les arts sont mis \u00e0 l\u2019honneur.<\/strong><br \/>\n<strong>2- Comment cette manifestation culturelle contribue-t-elle a\u0300 la promotion de la richesse culturelle du Royaume ?<\/strong><\/h4>\n<h4 dir=\"ltr\"><strong>A travers ce festival, nous esp\u00e9rons contribuer a\u0300 ce rayonnement en ce\u0301le\u0301brant la diversite\u0301, la cre\u0301ativite\u0301 et la richesse musicale du Royaume. Car la musique au Maroc, bien plus qu\u2019un he\u0301ritage, exprime des liens ancestraux avec d\u2019autres cultures du monde.<\/strong><\/h4>\n<h4 dir=\"ltr\"><strong>Dans ce sens, le choix de Tanger n\u2019est pas anodin, puisque cette ville a toujours e\u0301te\u0301 un carrefour, une passerelle qui a connu, a\u0300 diffe\u0301rents moments de son histoire, des influences exte\u0301rieures qu\u2019elle a su absorber tout en rayonnant par sa propre identite\u0301.<\/strong><\/h4>\n<h4 dir=\"ltr\"><strong>C\u2019est d\u2019ailleurs cette circulation d\u2019influences et cette capacite\u0301 de dialogue et d\u2019ouverture que le festival a \u0153uvr\u00e9 a\u0300 mettre en lumie\u0300re tout on long de ces quatre jours, \u00e0 travers des concerts qui ont illustr\u00e9 cette diversite\u0301 et des confe\u0301rences qui ont permis d\u2019expliquer et de contextualiser ce lien profond entre la culture marocaine et le reste du monde, s\u2019appuyant ainsi sur des langages universels, \u00e0 savoir la musique et la litte\u0301rature.<\/strong><\/h4>\n<h4 dir=\"ltr\"><strong>J\u2019espe\u0300re que ce festival, de\u0300s sa premie\u0300re e\u0301dition, pourra impulser un ve\u0301ritable e\u0301lan qui permettra de promouvoir davantage la mise en valeur de la richesse culturelle de Tanger, et a\u0300 travers elle, celle du Maroc dans toute sa profondeur.<\/strong><\/h4>\n<h4 dir=\"ltr\"><strong>3- Quel ro\u0302le joue la culture dans le de\u0301veloppement de la ville de Tanger et son rayonnement a\u0300 l\u2019international ?<\/strong><\/h4>\n<h4 dir=\"ltr\"><strong>La culture joue un ro\u0302le essentiel dans le de\u0301veloppement d\u2019une ville, et c\u2019est particulie\u0300rement vrai pour Tanger qui s\u2019est construite a\u0300 travers de multiples influences.<\/strong><\/h4>\n<h4 dir=\"ltr\"><strong>Cette ville profonde\u0301ment marque\u0301e par le voyage, l\u2019e\u0301change et la rencontre, rayonne de\u0301ja\u0300 a\u0300 l\u2019e\u0301chelle internationale. Pour preuve, Tanger a toujours attire\u0301 des voyageurs, des artistes, des e\u0301crivains et des penseurs, et continue toujours de le faire. Avec ce festival, nous esp\u00e9rons modestement contribuer au renforcement de ce rayonnement, en donnant envie aux Marocains et aux visiteurs \u00e9trangers de venir de\u0301couvrir la richesse de cette ville unique.<\/strong><\/h4>\n<h4 dir=\"ltr\"><strong>C\u2019est tout le sens d\u2019ailleurs du titre \u201cTanger chante le monde\u201d. Le mot \u201cchante\u201d ne renvoie pas seulement \u00e0 la musique, il e\u0301voque aussi l\u2019ide\u0301e de ce\u0301le\u0301brer, de sublimer, de rendre hommage a\u0300 Tanger.<\/strong><\/h4>\n<h4 dir=\"ltr\"><strong>Bien \u00e9videmment, une premie\u0300re e\u0301dition n\u2019est jamais facile, mais j\u2019espe\u0300re que, pas a\u0300 pas, aux cot\u00e9s d\u2019autres e\u0301ve\u0301nements existant de\u0301ja\u0300, ce festival contribuera \u00e0 enrichir le paysage culturel de la ville.<\/strong><\/h4>\n<h4 dir=\"ltr\"><strong>A travers l\u2019organisation de cette 1\u00e8re \u00e9dition du festival, j\u2019ai \u00e9galement souhait\u00e9 transmettre un message d\u2019espoir et de paix dans un monde marqu\u00e9 par les crises et les guerres. Un message \u00e0 travers lequel on v\u00e9hicule l\u2019ide\u0301e que la joie peut exister me\u0302me dans la peine. L\u2019art est, a\u0300 mon sens, une forme de re\u0301sistance et une fac\u0327on de dire que malgre\u0301 tout, la beaute\u0301, l\u2019e\u0301change et la cre\u0301ation ont leur place dans ce monde.<\/strong><\/h4>\n","protected":false},"excerpt":{"rendered":"<p>Alboughaz news : La ville du D\u00e9troit a accueilli du 29 mai au 1er juin, la 1\u00e8re \u00e9dition du Festival des Trois Rives \u201cTanger Chante le Monde\u201d, un \u00e9v\u00e8nement culturel qui c\u00e9l\u00e8bre la richesse culturelle de Tanger, \u00e0 travers une programmation riche et vari\u00e9e, \u00e0 l\u2019image de la ville, alliant rencontres litt\u00e9raires, moments po\u00e9tiques, exposition [&hellip;]<\/p>\n","protected":false},"author":1,"featured_media":75306,"comment_status":"open","ping_status":"open","sticky":false,"template":"","format":"standard","meta":{"footnotes":""},"categories":[7294],"tags":[],"class_list":["post-75322","post","type-post","status-publish","format-standard","has-post-thumbnail","hentry","category-version-francaise"],"_links":{"self":[{"href":"https:\/\/www.alboughaznews.ma\/index.php?rest_route=\/wp\/v2\/posts\/75322","targetHints":{"allow":["GET"]}}],"collection":[{"href":"https:\/\/www.alboughaznews.ma\/index.php?rest_route=\/wp\/v2\/posts"}],"about":[{"href":"https:\/\/www.alboughaznews.ma\/index.php?rest_route=\/wp\/v2\/types\/post"}],"author":[{"embeddable":true,"href":"https:\/\/www.alboughaznews.ma\/index.php?rest_route=\/wp\/v2\/users\/1"}],"replies":[{"embeddable":true,"href":"https:\/\/www.alboughaznews.ma\/index.php?rest_route=%2Fwp%2Fv2%2Fcomments&post=75322"}],"version-history":[{"count":1,"href":"https:\/\/www.alboughaznews.ma\/index.php?rest_route=\/wp\/v2\/posts\/75322\/revisions"}],"predecessor-version":[{"id":75323,"href":"https:\/\/www.alboughaznews.ma\/index.php?rest_route=\/wp\/v2\/posts\/75322\/revisions\/75323"}],"wp:featuredmedia":[{"embeddable":true,"href":"https:\/\/www.alboughaznews.ma\/index.php?rest_route=\/wp\/v2\/media\/75306"}],"wp:attachment":[{"href":"https:\/\/www.alboughaznews.ma\/index.php?rest_route=%2Fwp%2Fv2%2Fmedia&parent=75322"}],"wp:term":[{"taxonomy":"category","embeddable":true,"href":"https:\/\/www.alboughaznews.ma\/index.php?rest_route=%2Fwp%2Fv2%2Fcategories&post=75322"},{"taxonomy":"post_tag","embeddable":true,"href":"https:\/\/www.alboughaznews.ma\/index.php?rest_route=%2Fwp%2Fv2%2Ftags&post=75322"}],"curies":[{"name":"wp","href":"https:\/\/api.w.org\/{rel}","templated":true}]}}