{"id":74657,"date":"2025-05-22T23:00:02","date_gmt":"2025-05-22T22:00:02","guid":{"rendered":"https:\/\/www.alboughaznews.ma\/?p=74657"},"modified":"2025-05-22T20:41:45","modified_gmt":"2025-05-22T19:41:45","slug":"tanger-celebre-le-7e-art-la-25e-edition-du-festival-national-du-film-se-tiendra-du-17-au-25-octobre-2025","status":"publish","type":"post","link":"https:\/\/www.alboughaznews.ma\/?p=74657","title":{"rendered":"Tanger c\u00e9l\u00e8bre le 7e art : la 25e \u00e9dition du Festival national du film se tiendra du 17 au 25 octobre 2025"},"content":{"rendered":"<article class=\"text-token-text-primary w-full\" dir=\"auto\" data-testid=\"conversation-turn-62\" data-scroll-anchor=\"true\">\n<div class=\"text-base my-auto mx-auto py-5 [--thread-content-margin:--spacing(4)] @[37rem]:[--thread-content-margin:--spacing(6)] @[72rem]:[--thread-content-margin:--spacing(16)] px-(--thread-content-margin)\">\n<div class=\"[--thread-content-max-width:32rem] @[34rem]:[--thread-content-max-width:40rem] @[64rem]:[--thread-content-max-width:48rem] mx-auto flex max-w-(--thread-content-max-width) flex-1 text-base gap-4 md:gap-5 lg:gap-6 group\/turn-messages focus-visible:outline-hidden\" tabindex=\"-1\">\n<div class=\"group\/conversation-turn relative flex w-full min-w-0 flex-col agent-turn\">\n<div class=\"relative flex-col gap-1 md:gap-3\">\n<div class=\"flex max-w-full flex-col grow\">\n<div class=\"min-h-8 text-message relative flex w-full flex-col items-end gap-2 text-start break-words whitespace-normal [.text-message+&amp;]:mt-5\" dir=\"auto\" data-message-author-role=\"assistant\" data-message-id=\"0d5a5cc5-8b63-4706-9af5-ccd0de939288\" data-message-model-slug=\"gpt-4o\">\n<div class=\"flex w-full flex-col gap-1 empty:hidden first:pt-[3px]\">\n<h4 class=\"markdown prose dark:prose-invert w-full break-words light\" dir=\"ltr\"><strong>Alboughaz news :Aya Ouafi<\/strong><\/h4>\n<h4 data-start=\"0\" data-end=\"377\"><strong>La ville de Tanger s\u2019appr\u00eate \u00e0 vivre un moment fort de sa vie culturelle avec l\u2019organisation de la 25\u1d49 \u00e9dition du Festival national du film, pr\u00e9vue du 17 au 25 octobre 2025. Cet \u00e9v\u00e9nement, devenu une r\u00e9f\u00e9rence incontournable pour le cin\u00e9ma marocain, c\u00e9l\u00e8brera cette ann\u00e9e son quart de si\u00e8cle d\u2019existence, avec un programme riche ax\u00e9 sur la diversit\u00e9 des productions nationales.<\/strong><\/h4>\n<h4 data-start=\"379\" data-end=\"770\"><strong>Cette \u00e9dition proposera, comme \u00e0 l\u2019accoutum\u00e9e, plusieurs comp\u00e9titions officielles qui mettront en lumi\u00e8re des films marocains finalis\u00e9s en 2024 ou 2025. Les \u0153uvres seront r\u00e9parties en quatre cat\u00e9gories principales : longs m\u00e9trages de fiction, courts m\u00e9trages (fiction et documentaire), longs m\u00e9trages documentaires, ainsi que productions issues des \u00e9coles et instituts de cin\u00e9ma du Royaume.<\/strong><\/h4>\n<p><img loading=\"lazy\" decoding=\"async\" class=\"aligncenter size-full wp-image-74658\" src=\"https:\/\/www.alboughaznews.ma\/wp-content\/uploads\/2025\/05\/88704264-62791818.jpg\" alt=\"\" width=\"699\" height=\"466\" srcset=\"https:\/\/www.alboughaznews.ma\/wp-content\/uploads\/2025\/05\/88704264-62791818.jpg 699w, https:\/\/www.alboughaznews.ma\/wp-content\/uploads\/2025\/05\/88704264-62791818-300x200.jpg 300w\" sizes=\"auto, (max-width: 699px) 100vw, 699px\" \/><\/p>\n<h4 data-start=\"772\" data-end=\"1318\"><strong>Les candidats souhaitant participer devront soumettre un dossier complet comprenant la fiche technique du film, un synopsis r\u00e9dig\u00e9 en arabe, fran\u00e7ais et anglais, un lien s\u00e9curis\u00e9 pour le visionnage, ainsi qu\u2019un kit promotionnel contenant affiches, photos, bande-annonce et biographie du r\u00e9alisateur. Une fois la demande compl\u00e9t\u00e9e en ligne, elle devra \u00eatre sign\u00e9e par le r\u00e9alisateur et le producteur avant d\u2019\u00eatre envoy\u00e9e au secr\u00e9tariat du festival. Une commission sp\u00e9cialis\u00e9e s\u00e9lectionnera jusqu\u2019\u00e0 15 longs m\u00e9trages pour la comp\u00e9tition officielle.<\/strong><\/h4>\n<h4 data-start=\"1320\" data-end=\"1639\"><strong>En parall\u00e8le, une section \u201cPanorama\u201d accueillera les \u0153uvres non retenues dans les comp\u00e9titions principales. Cet espace non comp\u00e9titif vise \u00e0 offrir une plus large visibilit\u00e9 \u00e0 des films parfois \u00e9loign\u00e9s des circuits classiques de diffusion, tout en favorisant le d\u00e9bat autour de la cr\u00e9ation cin\u00e9matographique nationale.<\/strong><\/h4>\n<h4 data-start=\"1641\" data-end=\"1843\"><strong>Les inscriptions sont ouvertes jusqu\u2019au 15 juin 2025 et se font exclusivement via le portail officiel du festival, o\u00f9 les conditions de participation et le r\u00e8glement d\u00e9taill\u00e9 sont \u00e9galement disponibles.<\/strong><\/h4>\n<h4 data-start=\"1845\" data-end=\"2054\"><strong>Cet \u00e9v\u00e9nement s\u2019inscrit dans la continuit\u00e9 des efforts visant \u00e0 promouvoir le cin\u00e9ma marocain, \u00e0 encourager les jeunes talents et \u00e0 offrir une sc\u00e8ne de reconnaissance aux \u0153uvres les plus marquantes de l\u2019ann\u00e9e.<\/strong><\/h4>\n<\/div>\n<\/div>\n<\/div>\n<div class=\"flex justify-start\" dir=\"ltr\">\n<h4 class=\"touch:-me-2 touch:-ms-3.5 -ms-2.5 -me-1 flex items-center p-1 select-none -mt-1 duration-[1.5s] focus-within:transition-none hover:transition-none pointer-events-none [mask-image:linear-gradient(to_right,black_33%,transparent_66%)] [mask-size:300%_100%] [mask-position:100%_0%] motion-safe:transition-[mask-position] group-hover\/turn-messages:pointer-events-auto group-hover\/turn-messages:[mask-position:0_0] group-focus-within\/turn-messages:pointer-events-auto group-focus-within\/turn-messages:[mask-position:0_0] has-data-[state=open]:pointer-events-auto has-data-[state=open]:[mask-position:0_0]\"><\/h4>\n<\/div>\n<div class=\"mt-3 w-full empty:hidden\">\n<div class=\"text-center\"><\/div>\n<\/div>\n<\/div>\n<div class=\"absolute\">\n<div class=\"flex items-center justify-center\"><\/div>\n<\/div>\n<\/div>\n<\/div>\n<\/div>\n<\/article>\n<div class=\"pointer-events-none h-px w-px\" aria-hidden=\"true\" data-edge=\"true\"><\/div>\n","protected":false},"excerpt":{"rendered":"<p>Alboughaz news :Aya Ouafi La ville de Tanger s\u2019appr\u00eate \u00e0 vivre un moment fort de sa vie culturelle avec l\u2019organisation de la 25\u1d49 \u00e9dition du Festival national du film, pr\u00e9vue du 17 au 25 octobre 2025. Cet \u00e9v\u00e9nement, devenu une r\u00e9f\u00e9rence incontournable pour le cin\u00e9ma marocain, c\u00e9l\u00e8brera cette ann\u00e9e son quart de si\u00e8cle d\u2019existence, avec [&hellip;]<\/p>\n","protected":false},"author":1,"featured_media":74658,"comment_status":"open","ping_status":"open","sticky":false,"template":"","format":"standard","meta":{"footnotes":""},"categories":[7294],"tags":[],"class_list":["post-74657","post","type-post","status-publish","format-standard","has-post-thumbnail","hentry","category-version-francaise"],"_links":{"self":[{"href":"https:\/\/www.alboughaznews.ma\/index.php?rest_route=\/wp\/v2\/posts\/74657","targetHints":{"allow":["GET"]}}],"collection":[{"href":"https:\/\/www.alboughaznews.ma\/index.php?rest_route=\/wp\/v2\/posts"}],"about":[{"href":"https:\/\/www.alboughaznews.ma\/index.php?rest_route=\/wp\/v2\/types\/post"}],"author":[{"embeddable":true,"href":"https:\/\/www.alboughaznews.ma\/index.php?rest_route=\/wp\/v2\/users\/1"}],"replies":[{"embeddable":true,"href":"https:\/\/www.alboughaznews.ma\/index.php?rest_route=%2Fwp%2Fv2%2Fcomments&post=74657"}],"version-history":[{"count":1,"href":"https:\/\/www.alboughaznews.ma\/index.php?rest_route=\/wp\/v2\/posts\/74657\/revisions"}],"predecessor-version":[{"id":74659,"href":"https:\/\/www.alboughaznews.ma\/index.php?rest_route=\/wp\/v2\/posts\/74657\/revisions\/74659"}],"wp:featuredmedia":[{"embeddable":true,"href":"https:\/\/www.alboughaznews.ma\/index.php?rest_route=\/wp\/v2\/media\/74658"}],"wp:attachment":[{"href":"https:\/\/www.alboughaznews.ma\/index.php?rest_route=%2Fwp%2Fv2%2Fmedia&parent=74657"}],"wp:term":[{"taxonomy":"category","embeddable":true,"href":"https:\/\/www.alboughaznews.ma\/index.php?rest_route=%2Fwp%2Fv2%2Fcategories&post=74657"},{"taxonomy":"post_tag","embeddable":true,"href":"https:\/\/www.alboughaznews.ma\/index.php?rest_route=%2Fwp%2Fv2%2Ftags&post=74657"}],"curies":[{"name":"wp","href":"https:\/\/api.w.org\/{rel}","templated":true}]}}