{"id":73299,"date":"2025-04-18T23:00:52","date_gmt":"2025-04-18T22:00:52","guid":{"rendered":"https:\/\/www.alboughaznews.ma\/?p=73299"},"modified":"2025-04-18T19:39:19","modified_gmt":"2025-04-18T18:39:19","slug":"tanger-plaidoyer-en-faveur-dune-approche-multidimensionnelle-pour-lutter-contre-le-harcelement-scolaire","status":"publish","type":"post","link":"https:\/\/www.alboughaznews.ma\/?p=73299","title":{"rendered":"Tanger: Plaidoyer en faveur d&#8217;une approche multidimensionnelle pour lutter contre le harc\u00e8lement scolaire"},"content":{"rendered":"<h4 dir=\"ltr\">al boughaz news<\/h4>\n<h4 dir=\"ltr\">Les participants \u00e0 un colloque international, organis\u00e9 jeudi \u00e0 Tanger, ont plaid\u00e9 pour une approche multidimensionnelle en vue de lutter contre le harc\u00e8lement en milieu scolaire.<\/p>\n<p>Les intervenants \u00e0 ce colloque, organis\u00e9 par le Centre r\u00e9gional des m\u00e9tiers de l&#8217;\u00e9ducation et de la formation de Tanger-T\u00e9touan-Al Hoceima sous le th\u00e8me &#8220;Le harc\u00e8lement entre \u00e9l\u00e8ves: regards crois\u00e9s&#8221;, ont affirm\u00e9 que la cr\u00e9ation d&#8217;un environnement propice \u00e0 l&#8217;apprentissage dans les \u00e9coles est une responsabilit\u00e9 collective qui n\u00e9cessite une approche globale et multidimensionnelle, alliant pr\u00e9vention, d\u00e9tection et traitement, afin de mettre fin au harc\u00e8lement et \u00e0 la violence scolaires.<\/p>\n<p>A cet \u00e9gard, la directrice des ressources p\u00e9dagogiques et num\u00e9riques au minist\u00e8re de l&#8217;\u00c9ducation nationale, du Pr\u00e9scolaire et des Sports, Ilham Laaziz, a soulign\u00e9 que l&#8217;instauration d&#8217;un environnement s\u00fbr dans les \u00e9tablissements d&#8217;enseignement fait partie des engagements de la feuille de route 2022-2026 que le minist\u00e8re s&#8217;emploie \u00e0 mettre en \u0153uvre, notant que tous les acteurs du syst\u00e8me \u00e9ducatif et leurs partenaires &#8220;sont responsables de l\u2019am\u00e9lioration de l\u2019environnement scolaire&#8221;.<\/p>\n<p>Elle a, dans ce sens, abord\u00e9 le programme de formation de formateurs dans le domaine de l\u2019am\u00e9lioration de l\u2019environnement scolaire, qui vise \u00e0 prot\u00e9ger les \u00e9l\u00e8ves du harc\u00e8lement et de l\u2019intimidation, particuli\u00e8rement sur la sph\u00e8re cybern\u00e9tique, et \u00e0 cr\u00e9er un espace s\u00fbr dans les \u00e9tablissements scolaires, relevant que ce programme cible environ 2.200 \u00e9tablissements de l&#8217;enseignement secondaire et coll\u00e9gial relevant de l\u2019ensemble des acad\u00e9mies r\u00e9gionales d\u2019\u00e9ducation et de formation \u00e0 l\u2019horizon 2026, avec la formation de pr\u00e8s de 6.600 encadrants, soit une moyenne de trois encadrants par \u00e9tablissement scolaire.<\/p>\n<p>Pour sa part, Amal Hassoun, cheffe de projet Maroc et formatrice au Centre ReSIS Maroc, a indiqu\u00e9 que ce projet vise \u00e0 former des formateurs et des sp\u00e9cialistes en mati\u00e8re de d\u00e9tection et de pr\u00e9vention du harc\u00e8lement et de l&#8217;intimidation, \u00e0 d\u00e9velopper les comp\u00e9tences psychologiques et sociales des \u00e9l\u00e8ves et \u00e0 former des enseignants et des \u00e9l\u00e8ves ambassadeurs, pour agir comme relais entre leurs camarades et le personnel \u00e9ducatif.<\/p>\n<p>De son c\u00f4t\u00e9, Hamid Al Asri, coordinateur du colloque, a expliqu\u00e9 que le harc\u00e8lement est une forme de violence en milieu scolaire, qui a de graves cons\u00e9quences sur les \u00e9l\u00e8ves, leur apprentissage et leur parcours scolaire, mettant en avant l\u2019importance d\u2019aborder ce ph\u00e9nom\u00e8ne, \u00e0 travers une approche scientifique, \u00e9ducative et sociale.<\/p>\n<p>Dans une d\u00e9claration \u00e0 la MAP, il a rappel\u00e9 que l&#8217;enqu\u00eate men\u00e9e par le Conseil sup\u00e9rieur de l&#8217;\u00e9ducation, de la formation et de la recherche scientifique (CSEFRS) dans 260 \u00e9tablissements d&#8217;enseignement a r\u00e9v\u00e9l\u00e9 des &#8220;donn\u00e9e alarmantes&#8221; concernant le ph\u00e9nom\u00e8ne de la violence en milieu scolaire, appelant \u00e0 s&#8217;inspirer de l&#8217;exp\u00e9rience fran\u00e7aise bas\u00e9e sur la &#8220;m\u00e9thodologie de la pr\u00e9occupation partag\u00e9e&#8221;, qui a prouv\u00e9 son efficacit\u00e9 dans la lutte contre ce fl\u00e9au.<\/h4>\n<h4 dir=\"ltr\"><img loading=\"lazy\" decoding=\"async\" class=\"aligncenter size-full wp-image-73300\" src=\"https:\/\/www.alboughaznews.ma\/wp-content\/uploads\/2025\/04\/image.jpg\" alt=\"\" width=\"800\" height=\"450\" srcset=\"https:\/\/www.alboughaznews.ma\/wp-content\/uploads\/2025\/04\/image.jpg 800w, https:\/\/www.alboughaznews.ma\/wp-content\/uploads\/2025\/04\/image-300x169.jpg 300w, https:\/\/www.alboughaznews.ma\/wp-content\/uploads\/2025\/04\/image-768x432.jpg 768w\" sizes=\"auto, (max-width: 800px) 100vw, 800px\" \/>Quant \u00e0 Mustapha Elouizi, professeur \u00e0 l&#8217;Universit\u00e9 Sidi Mohamed Ben Abdellah de F\u00e8s, il a \u00e9voqu\u00e9 l&#8217;importance du traitement m\u00e9diatique du harc\u00e8lement en milieu scolaire, mettant l&#8217;accent sur le r\u00f4le \u00e9ducatif et de sensibilisation des m\u00e9dias dans la lutte contre ce ph\u00e9nom\u00e8ne, qui peut contribuer \u00e0 l&#8217;augmentation du d\u00e9crochage scolaire, en plus de son impact psychologique sur les victimes.<\/p>\n<p>A cette occasion, une convention-cadre de partenariat a \u00e9t\u00e9 sign\u00e9e entre le Centre r\u00e9gional des m\u00e9tiers de l&#8217;\u00e9ducation et de la formation et l&#8217;Institut fran\u00e7ais de Tanger, pour renforcer la coop\u00e9ration entre les deux institutions dans le domaine de la recherche en sciences de l&#8217;\u00e9ducation, organiser des \u00e9v\u00e9nements communs et permettre aux stagiaires du centre de b\u00e9n\u00e9ficier des offres de l&#8217;Institut fran\u00e7ais.<\/p>\n<p>A cette occasion, le Consul g\u00e9n\u00e9ral de France \u00e0 Tanger et directeur d\u00e9l\u00e9gu\u00e9 de l&#8217;Institut fran\u00e7ais de Tanger, Philippe Truquet, a fait savoir que cette convention s&#8217;inscrit dans le cadre de &#8220;la dynamique de coop\u00e9ration entre le Maroc et la France pour une \u00e9ducation ouverte, inclusive et tourn\u00e9e vers l&#8217;avenir&#8221;, soulignant que cet accord permettra aux enseignants et aux \u00e9tudiants du centre r\u00e9gional de b\u00e9n\u00e9ficier de toutes les activit\u00e9s organis\u00e9es par l&#8217;Institut fran\u00e7ais.<\/p>\n<p>Cet \u00e9v\u00e9nement, organis\u00e9 en partenariat avec l&#8217;Institut fran\u00e7ais de Tanger, l&#8217;Agence de d\u00e9veloppement du digital et le Centre ReSiS France, vise \u00e0 cr\u00e9er une dynamique pour lutter contre le harc\u00e8lement en milieu scolaire, en sensibilisant tous les acteurs, en partageant les bonnes pratiques et en mobilisant les experts et l\u2019ensemble de la communaut\u00e9 \u00e9ducative.<\/h4>\n","protected":false},"excerpt":{"rendered":"<p>al boughaz news Les participants \u00e0 un colloque international, organis\u00e9 jeudi \u00e0 Tanger, ont plaid\u00e9 pour une approche multidimensionnelle en vue de lutter contre le harc\u00e8lement en milieu scolaire. Les intervenants \u00e0 ce colloque, organis\u00e9 par le Centre r\u00e9gional des m\u00e9tiers de l&#8217;\u00e9ducation et de la formation de Tanger-T\u00e9touan-Al Hoceima sous le th\u00e8me &#8220;Le harc\u00e8lement [&hellip;]<\/p>\n","protected":false},"author":1,"featured_media":73300,"comment_status":"open","ping_status":"open","sticky":false,"template":"","format":"standard","meta":{"footnotes":""},"categories":[7294],"tags":[],"class_list":["post-73299","post","type-post","status-publish","format-standard","has-post-thumbnail","hentry","category-version-francaise"],"_links":{"self":[{"href":"https:\/\/www.alboughaznews.ma\/index.php?rest_route=\/wp\/v2\/posts\/73299","targetHints":{"allow":["GET"]}}],"collection":[{"href":"https:\/\/www.alboughaznews.ma\/index.php?rest_route=\/wp\/v2\/posts"}],"about":[{"href":"https:\/\/www.alboughaznews.ma\/index.php?rest_route=\/wp\/v2\/types\/post"}],"author":[{"embeddable":true,"href":"https:\/\/www.alboughaznews.ma\/index.php?rest_route=\/wp\/v2\/users\/1"}],"replies":[{"embeddable":true,"href":"https:\/\/www.alboughaznews.ma\/index.php?rest_route=%2Fwp%2Fv2%2Fcomments&post=73299"}],"version-history":[{"count":1,"href":"https:\/\/www.alboughaznews.ma\/index.php?rest_route=\/wp\/v2\/posts\/73299\/revisions"}],"predecessor-version":[{"id":73301,"href":"https:\/\/www.alboughaznews.ma\/index.php?rest_route=\/wp\/v2\/posts\/73299\/revisions\/73301"}],"wp:featuredmedia":[{"embeddable":true,"href":"https:\/\/www.alboughaznews.ma\/index.php?rest_route=\/wp\/v2\/media\/73300"}],"wp:attachment":[{"href":"https:\/\/www.alboughaznews.ma\/index.php?rest_route=%2Fwp%2Fv2%2Fmedia&parent=73299"}],"wp:term":[{"taxonomy":"category","embeddable":true,"href":"https:\/\/www.alboughaznews.ma\/index.php?rest_route=%2Fwp%2Fv2%2Fcategories&post=73299"},{"taxonomy":"post_tag","embeddable":true,"href":"https:\/\/www.alboughaznews.ma\/index.php?rest_route=%2Fwp%2Fv2%2Ftags&post=73299"}],"curies":[{"name":"wp","href":"https:\/\/api.w.org\/{rel}","templated":true}]}}