{"id":70770,"date":"2025-02-18T23:00:17","date_gmt":"2025-02-18T22:00:17","guid":{"rendered":"https:\/\/www.alboughaznews.ma\/?p=70770"},"modified":"2025-02-18T19:00:33","modified_gmt":"2025-02-18T18:00:33","slug":"imex-madrid-2025-accueille-la-rencontre-doing-business-in-tangier-tetouan-al-hoceima-region","status":"publish","type":"post","link":"https:\/\/www.alboughaznews.ma\/?p=70770","title":{"rendered":"IMEX-Madrid 2025 accueille la rencontre \u00ab Doing Business in Tangier-Tetouan-Al Hoceima Region \u00bb"},"content":{"rendered":"<h4 dir=\"ltr\">al boughaz news<\/h4>\n<h4 dir=\"ltr\">Organis\u00e9e par le Centre r\u00e9gional d&#8217;investissement de la r\u00e9gion de Tanger-T\u00e9touan-Al Hoceima et la Chambre de commerce officielle d&#8217;Espagne \u00e0 Tanger<\/h4>\n<h4 dir=\"ltr\">Dans le cadre des initiatives de promotion \u00e9conomique et apr\u00e8s le succ\u00e8s des \u00e9ditions pr\u00e9c\u00e9dentes, le Centre r\u00e9gional d&#8217;investissement de la r\u00e9gion de Tanger-T\u00e9touan-Al Hoceima et la Chambre officielle de commerce d&#8217;Espagne \u00e0 Tanger invitent \u00e0 participer \u00e0 la rencontre d&#8217;affaires \u00ab Doing Business in Tangier-Tetouan-Al Hoceima Region \u00bb,\u00a0qui se tiendra lors de la 23e \u00e9dition du Salon international des affaires et du commerce ext\u00e9rieur (IMEX), les 19 et 20 f\u00e9vrier 2025 \u00e0 Madrid.<\/h4>\n<p><img loading=\"lazy\" decoding=\"async\" class=\"aligncenter size-full wp-image-70771\" src=\"https:\/\/www.alboughaznews.ma\/wp-content\/uploads\/2025\/02\/2025021811210879846.webp\" alt=\"\" width=\"1200\" height=\"675\" srcset=\"https:\/\/www.alboughaznews.ma\/wp-content\/uploads\/2025\/02\/2025021811210879846.webp 1200w, https:\/\/www.alboughaznews.ma\/wp-content\/uploads\/2025\/02\/2025021811210879846-300x169.webp 300w, https:\/\/www.alboughaznews.ma\/wp-content\/uploads\/2025\/02\/2025021811210879846-1024x576.webp 1024w, https:\/\/www.alboughaznews.ma\/wp-content\/uploads\/2025\/02\/2025021811210879846-768x432.webp 768w\" sizes=\"auto, (max-width: 1200px) 100vw, 1200px\" \/><\/p>\n<h4 dir=\"ltr\">Le pays invit\u00e9 \u00e0 l&#8217;IMEX-Madrid 2025\u00a0est le Maroc et le pays nord-africain disposera de son propre stand.\u00a0Lors de cette \u00e9dition, le Centre r\u00e9gional d&#8217;investissement de la r\u00e9gion de Tanger-T\u00e9touan-Al Hoceima et la Chambre officielle de commerce d&#8217;Espagne \u00e0 Tanger pr\u00e9senteront l&#8217;offre \u00e9conomique, industrielle et d&#8217;investissement de la r\u00e9gion \u00e0 toutes les personnes int\u00e9ress\u00e9es.<\/h4>\n<h4 dir=\"ltr\">IMEX est un \u00e9v\u00e9nement de r\u00e9f\u00e9rence\u00a0qui rassemble des entrepreneurs, des structures et des agences de promotion des investissements du monde entier, dans le but de promouvoir l&#8217;internationalisation des entreprises espagnoles.<\/h4>\n<h4 dir=\"ltr\">\u00c0 cette occasion,\u00a0la r\u00e9gion de Tanger-T\u00e9touan-Al Hoceima sera l&#8217;invit\u00e9e d&#8217;honneur du salon, accueillant la sixi\u00e8me \u00e9dition des Rencontres d&#8217;affaires \u00ab Doing Business in Tangier-Tetouan-Al Hoceima Region \u00bb.\u00a0Cet \u00e9v\u00e9nement r\u00e9unira de hauts fonctionnaires et les principaux acteurs \u00e9conomiques, tant au niveau r\u00e9gional que national, notamment le Conseil r\u00e9gional, la CGEM TTA, l&#8217;ANAPEC, l&#8217;Universit\u00e9, l&#8217;AMDIE, la TMSA, la MEDZ, le CEMAES et bien d&#8217;autres.<\/h4>\n<h4 dir=\"ltr\">L&#8217;\u00e9v\u00e9nement comprendra un pavillon consacr\u00e9 aux atouts de la r\u00e9gion,\u00a0ainsi que des conf\u00e9rences th\u00e9matiques sur son potentiel \u00e9conomique, les m\u00e9canismes d&#8217;incitation et le cadre r\u00e9glementaire et fiscal. Des cas de r\u00e9ussite seront mis en avant et des rencontres B2B seront organis\u00e9es entre les acteurs \u00e9conomiques de la r\u00e9gion et leurs homologues espagnols, afin de renforcer les associations et les synergies entre les deux territoires.<\/h4>\n<h4 dir=\"ltr\"><\/h4>\n","protected":false},"excerpt":{"rendered":"<p>al boughaz news Organis\u00e9e par le Centre r\u00e9gional d&#8217;investissement de la r\u00e9gion de Tanger-T\u00e9touan-Al Hoceima et la Chambre de commerce officielle d&#8217;Espagne \u00e0 Tanger Dans le cadre des initiatives de promotion \u00e9conomique et apr\u00e8s le succ\u00e8s des \u00e9ditions pr\u00e9c\u00e9dentes, le Centre r\u00e9gional d&#8217;investissement de la r\u00e9gion de Tanger-T\u00e9touan-Al Hoceima et la Chambre officielle de commerce [&hellip;]<\/p>\n","protected":false},"author":1,"featured_media":70771,"comment_status":"open","ping_status":"open","sticky":false,"template":"","format":"standard","meta":{"footnotes":""},"categories":[7294],"tags":[],"class_list":["post-70770","post","type-post","status-publish","format-standard","has-post-thumbnail","hentry","category-version-francaise"],"_links":{"self":[{"href":"https:\/\/www.alboughaznews.ma\/index.php?rest_route=\/wp\/v2\/posts\/70770","targetHints":{"allow":["GET"]}}],"collection":[{"href":"https:\/\/www.alboughaznews.ma\/index.php?rest_route=\/wp\/v2\/posts"}],"about":[{"href":"https:\/\/www.alboughaznews.ma\/index.php?rest_route=\/wp\/v2\/types\/post"}],"author":[{"embeddable":true,"href":"https:\/\/www.alboughaznews.ma\/index.php?rest_route=\/wp\/v2\/users\/1"}],"replies":[{"embeddable":true,"href":"https:\/\/www.alboughaznews.ma\/index.php?rest_route=%2Fwp%2Fv2%2Fcomments&post=70770"}],"version-history":[{"count":1,"href":"https:\/\/www.alboughaznews.ma\/index.php?rest_route=\/wp\/v2\/posts\/70770\/revisions"}],"predecessor-version":[{"id":70772,"href":"https:\/\/www.alboughaznews.ma\/index.php?rest_route=\/wp\/v2\/posts\/70770\/revisions\/70772"}],"wp:featuredmedia":[{"embeddable":true,"href":"https:\/\/www.alboughaznews.ma\/index.php?rest_route=\/wp\/v2\/media\/70771"}],"wp:attachment":[{"href":"https:\/\/www.alboughaznews.ma\/index.php?rest_route=%2Fwp%2Fv2%2Fmedia&parent=70770"}],"wp:term":[{"taxonomy":"category","embeddable":true,"href":"https:\/\/www.alboughaznews.ma\/index.php?rest_route=%2Fwp%2Fv2%2Fcategories&post=70770"},{"taxonomy":"post_tag","embeddable":true,"href":"https:\/\/www.alboughaznews.ma\/index.php?rest_route=%2Fwp%2Fv2%2Ftags&post=70770"}],"curies":[{"name":"wp","href":"https:\/\/api.w.org\/{rel}","templated":true}]}}