{"id":69399,"date":"2025-01-17T23:00:02","date_gmt":"2025-01-17T22:00:02","guid":{"rendered":"https:\/\/www.alboughaznews.ma\/?p=69399"},"modified":"2025-01-17T22:07:10","modified_gmt":"2025-01-17T21:07:10","slug":"le-gouvernement-espagnol-alloue-plus-de-26-millions-deuros-a-la-renovation-dun-hopital-a-tanger-construit-durant-la-periode-franquiste","status":"publish","type":"post","link":"https:\/\/www.alboughaznews.ma\/?p=69399","title":{"rendered":"Le gouvernement espagnol alloue plus de 2,6 millions d\u2019euros \u00e0 la r\u00e9novation d\u2019un h\u00f4pital \u00e0 Tanger construit durant la p\u00e9riode franquiste"},"content":{"rendered":"<h4 dir=\"ltr\">al boughaz news :<\/h4>\n<h4 dir=\"ltr\">Le gouvernement de Pedro S\u00e1nchez a approuv\u00e9 un budget de plus de 2,6 millions d\u2019euros pour une r\u00e9novation compl\u00e8te de l\u2019H\u00f4pital espagnol de Tanger, un b\u00e2timent embl\u00e9matique construit sous le r\u00e9gime franquiste. L\u2019annonce a \u00e9t\u00e9 faite \u00e0 l\u2019issue du conseil des ministres tenu mardi 14 janvier. Ce projet aspire \u00e0 garantir la s\u00e9curit\u00e9 structurelle de l\u2019\u00e9difice, aujourd\u2019hui dans un \u00e9tat de d\u00e9labrement avanc\u00e9 et situ\u00e9 dans une r\u00e9gion expos\u00e9e \u00e0 un risque sismique \u00e9lev\u00e9.<\/h4>\n<p><img loading=\"lazy\" decoding=\"async\" class=\"aligncenter size-full wp-image-69400\" src=\"https:\/\/www.alboughaznews.ma\/wp-content\/uploads\/2025\/01\/IMG_1271-700x394-1.jpg\" alt=\"\" width=\"700\" height=\"394\" srcset=\"https:\/\/www.alboughaznews.ma\/wp-content\/uploads\/2025\/01\/IMG_1271-700x394-1.jpg 700w, https:\/\/www.alboughaznews.ma\/wp-content\/uploads\/2025\/01\/IMG_1271-700x394-1-300x169.jpg 300w\" sizes=\"auto, (max-width: 700px) 100vw, 700px\" \/><\/p>\n<h4 dir=\"ltr\">Mis en service en 1950, cet h\u00f4pital tire ses origines d\u2019un projet lanc\u00e9 en 1939. Con\u00e7ue comme une \u0153uvre \u00e0 vocation sociale et caritative, cette structure a \u00e9t\u00e9 men\u00e9e \u00e0 terme dans les ann\u00e9es 1940. Apr\u00e8s l\u2019ind\u00e9pendance du Maroc et le d\u00e9part progressif des populations espagnoles et europ\u00e9ennes de la r\u00e9gion, l\u2019\u00e9tablissement a perdu de son importance. En 1996, il a \u00e9t\u00e9 transform\u00e9 en une r\u00e9sidence pour personnes \u00e2g\u00e9es et en centre de soins de jour, destin\u00e9 principalement \u00e0 la communaut\u00e9 espagnole encore pr\u00e9sente dans la r\u00e9gion.<\/h4>\n<h4 dir=\"ltr\">Le gouvernement actuel a justifi\u00e9 sa d\u00e9marche en mettant en avant le r\u00f4le symbolique de l\u2019h\u00f4pital dans la coop\u00e9ration hispano-marocaine.\u00a0<em>\u00abLe d\u00e9labrement de l\u2019\u00e9difice compromet la s\u00e9curit\u00e9 des usagers\u00bb<\/em>, pr\u00e9cise l\u2019ex\u00e9cutif. Ce projet, men\u00e9 en partenariat avec les autorit\u00e9s marocaines, s\u2019inscrit dans une volont\u00e9 de pr\u00e9server un patrimoine historique qui unit Rabat et Madrid.<\/h4>\n","protected":false},"excerpt":{"rendered":"<p>al boughaz news : Le gouvernement de Pedro S\u00e1nchez a approuv\u00e9 un budget de plus de 2,6 millions d\u2019euros pour une r\u00e9novation compl\u00e8te de l\u2019H\u00f4pital espagnol de Tanger, un b\u00e2timent embl\u00e9matique construit sous le r\u00e9gime franquiste. L\u2019annonce a \u00e9t\u00e9 faite \u00e0 l\u2019issue du conseil des ministres tenu mardi 14 janvier. Ce projet aspire \u00e0 garantir [&hellip;]<\/p>\n","protected":false},"author":1,"featured_media":69400,"comment_status":"open","ping_status":"open","sticky":false,"template":"","format":"standard","meta":{"footnotes":""},"categories":[7294],"tags":[],"class_list":["post-69399","post","type-post","status-publish","format-standard","has-post-thumbnail","hentry","category-version-francaise"],"_links":{"self":[{"href":"https:\/\/www.alboughaznews.ma\/index.php?rest_route=\/wp\/v2\/posts\/69399","targetHints":{"allow":["GET"]}}],"collection":[{"href":"https:\/\/www.alboughaznews.ma\/index.php?rest_route=\/wp\/v2\/posts"}],"about":[{"href":"https:\/\/www.alboughaznews.ma\/index.php?rest_route=\/wp\/v2\/types\/post"}],"author":[{"embeddable":true,"href":"https:\/\/www.alboughaznews.ma\/index.php?rest_route=\/wp\/v2\/users\/1"}],"replies":[{"embeddable":true,"href":"https:\/\/www.alboughaznews.ma\/index.php?rest_route=%2Fwp%2Fv2%2Fcomments&post=69399"}],"version-history":[{"count":1,"href":"https:\/\/www.alboughaznews.ma\/index.php?rest_route=\/wp\/v2\/posts\/69399\/revisions"}],"predecessor-version":[{"id":69401,"href":"https:\/\/www.alboughaznews.ma\/index.php?rest_route=\/wp\/v2\/posts\/69399\/revisions\/69401"}],"wp:featuredmedia":[{"embeddable":true,"href":"https:\/\/www.alboughaznews.ma\/index.php?rest_route=\/wp\/v2\/media\/69400"}],"wp:attachment":[{"href":"https:\/\/www.alboughaznews.ma\/index.php?rest_route=%2Fwp%2Fv2%2Fmedia&parent=69399"}],"wp:term":[{"taxonomy":"category","embeddable":true,"href":"https:\/\/www.alboughaznews.ma\/index.php?rest_route=%2Fwp%2Fv2%2Fcategories&post=69399"},{"taxonomy":"post_tag","embeddable":true,"href":"https:\/\/www.alboughaznews.ma\/index.php?rest_route=%2Fwp%2Fv2%2Ftags&post=69399"}],"curies":[{"name":"wp","href":"https:\/\/api.w.org\/{rel}","templated":true}]}}