{"id":68320,"date":"2024-12-23T17:00:25","date_gmt":"2024-12-23T16:00:25","guid":{"rendered":"https:\/\/www.alboughaznews.ma\/?p=68320"},"modified":"2024-12-23T02:56:21","modified_gmt":"2024-12-23T01:56:21","slug":"textile-tanger-au-coeur-de-la-relance-du-made-in-morocco","status":"publish","type":"post","link":"https:\/\/www.alboughaznews.ma\/?p=68320","title":{"rendered":"Textile : Tanger au c\u0153ur de la relance du \u00ab Made in Morocco \u00bb"},"content":{"rendered":"<h4 dir=\"ltr\">al boughaz news :<\/h4>\n<h4 dir=\"ltr\">\u00a0Tanger a accueilli la 2\u1d49 \u00e9dition des portes ouvertes des industries du textile, un \u00e9v\u00e9nement organis\u00e9 sous le th\u00e8me \u00ab L\u2019accompagnement des entreprises pour renforcer la production locale \u00bb. Cette initiative phare a r\u00e9uni industriels, \u00e9lus et acteurs \u00e9conomiques, dans le but de stimuler la souverainet\u00e9 industrielle et de valoriser le label \u00ab Made in Morocco \u00bb.<\/h4>\n<p><img loading=\"lazy\" decoding=\"async\" class=\"aligncenter size-full wp-image-68114\" src=\"https:\/\/www.alboughaznews.ma\/wp-content\/uploads\/2024\/12\/IMG_3127.jpg\" alt=\"\" width=\"1920\" height=\"1080\" srcset=\"https:\/\/www.alboughaznews.ma\/wp-content\/uploads\/2024\/12\/IMG_3127.jpg 1920w, https:\/\/www.alboughaznews.ma\/wp-content\/uploads\/2024\/12\/IMG_3127-300x169.jpg 300w, https:\/\/www.alboughaznews.ma\/wp-content\/uploads\/2024\/12\/IMG_3127-1024x576.jpg 1024w, https:\/\/www.alboughaznews.ma\/wp-content\/uploads\/2024\/12\/IMG_3127-768x432.jpg 768w, https:\/\/www.alboughaznews.ma\/wp-content\/uploads\/2024\/12\/IMG_3127-1536x864.jpg 1536w\" sizes=\"auto, (max-width: 1920px) 100vw, 1920px\" \/><\/p>\n<h4 dir=\"ltr\">Port\u00e9e par l\u2019Association marocaine des industries du textile et de l\u2019habillement (AMITH) \u2013 section Nord, cette rencontre s\u2019inscrit dans les Orientations Royales qui visent \u00e0 consolider la souverainet\u00e9 industrielle, consid\u00e9r\u00e9e comme un levier strat\u00e9gique pour le d\u00e9veloppement socio-\u00e9conomique durable du Maroc.<\/h4>\n<h4 dir=\"ltr\">L\u2019objectif principal de cet \u00e9v\u00e9nement est d\u2019encourager les entreprises du secteur textile \u00e0 \u00e9voluer de la sous-traitance vers la production de produits finis. Cette transition permettra de lancer des marques marocaines et de promouvoir davantage le \u00ab Made in Morocco \u00bb sur les march\u00e9s nationaux et internationaux.<\/h4>\n<p><img loading=\"lazy\" decoding=\"async\" class=\"aligncenter size-full wp-image-68113\" src=\"https:\/\/www.alboughaznews.ma\/wp-content\/uploads\/2024\/12\/IMG_3120.jpg\" alt=\"\" width=\"1920\" height=\"1080\" srcset=\"https:\/\/www.alboughaznews.ma\/wp-content\/uploads\/2024\/12\/IMG_3120.jpg 1920w, https:\/\/www.alboughaznews.ma\/wp-content\/uploads\/2024\/12\/IMG_3120-300x169.jpg 300w, https:\/\/www.alboughaznews.ma\/wp-content\/uploads\/2024\/12\/IMG_3120-1024x576.jpg 1024w, https:\/\/www.alboughaznews.ma\/wp-content\/uploads\/2024\/12\/IMG_3120-768x432.jpg 768w, https:\/\/www.alboughaznews.ma\/wp-content\/uploads\/2024\/12\/IMG_3120-1536x864.jpg 1536w\" sizes=\"auto, (max-width: 1920px) 100vw, 1920px\" \/><\/p>\n<h4 dir=\"ltr\">Yassine Arroud, pr\u00e9sident de l\u2019AMITH \u2013 section Nord, a soulign\u00e9 l\u2019importance \u00e9conomique du textile et de l\u2019habillement, qui constitue le principal secteur industriel g\u00e9n\u00e9rateur d\u2019emplois au Maroc, avec environ 2.000 entreprises et pr\u00e8s de 220.000 travailleurs. Cependant, malgr\u00e9 les progr\u00e8s r\u00e9alis\u00e9s ces derni\u00e8res d\u00e9cennies, il a not\u00e9 que le secteur doit encore relever plusieurs d\u00e9fis pour renforcer sa comp\u00e9titivit\u00e9 et am\u00e9liorer sa production, tant en quantit\u00e9 qu\u2019en qualit\u00e9.<\/h4>\n<p><img loading=\"lazy\" decoding=\"async\" class=\"aligncenter size-full wp-image-68115\" src=\"https:\/\/www.alboughaznews.ma\/wp-content\/uploads\/2024\/12\/Capture-decran-2024-12-19-a-1.58.07-a.m.png\" alt=\"\" width=\"1068\" height=\"606\" srcset=\"https:\/\/www.alboughaznews.ma\/wp-content\/uploads\/2024\/12\/Capture-decran-2024-12-19-a-1.58.07-a.m.png 1068w, https:\/\/www.alboughaznews.ma\/wp-content\/uploads\/2024\/12\/Capture-decran-2024-12-19-a-1.58.07-a.m-300x170.png 300w, https:\/\/www.alboughaznews.ma\/wp-content\/uploads\/2024\/12\/Capture-decran-2024-12-19-a-1.58.07-a.m-1024x581.png 1024w, https:\/\/www.alboughaznews.ma\/wp-content\/uploads\/2024\/12\/Capture-decran-2024-12-19-a-1.58.07-a.m-768x436.png 768w\" sizes=\"auto, (max-width: 1068px) 100vw, 1068px\" \/><\/p>\n<h4 dir=\"ltr\">Il a \u00e9galement insist\u00e9 sur la n\u00e9cessit\u00e9 de d\u00e9velopper des marques locales r\u00e9pondant aux besoins du march\u00e9, tout en assurant un approvisionnement en mati\u00e8res premi\u00e8res de qualit\u00e9 pour maintenir la comp\u00e9titivit\u00e9 des produits marocains.<\/h4>\n<h4 dir=\"ltr\">Mounir Laymouri, pr\u00e9sident de la commune de Tanger, a rappel\u00e9 que la ville joue un r\u00f4le cl\u00e9 dans la croissance du secteur textile, en collaborant avec les acteurs \u00e9conomiques et la soci\u00e9t\u00e9 civile pour renforcer ce pilier strat\u00e9gique. Il a mis l\u2019accent sur l\u2019importance de conjuguer les efforts publics et priv\u00e9s pour am\u00e9liorer la qualit\u00e9 des produits textiles et cr\u00e9er davantage de valeur ajout\u00e9e au niveau local.<\/h4>\n<p><img loading=\"lazy\" decoding=\"async\" class=\"aligncenter size-full wp-image-68116\" src=\"https:\/\/www.alboughaznews.ma\/wp-content\/uploads\/2024\/12\/Capture-decran-2024-12-19-a-1.58.20-a.m.png\" alt=\"\" width=\"1053\" height=\"597\" srcset=\"https:\/\/www.alboughaznews.ma\/wp-content\/uploads\/2024\/12\/Capture-decran-2024-12-19-a-1.58.20-a.m.png 1053w, https:\/\/www.alboughaznews.ma\/wp-content\/uploads\/2024\/12\/Capture-decran-2024-12-19-a-1.58.20-a.m-300x170.png 300w, https:\/\/www.alboughaznews.ma\/wp-content\/uploads\/2024\/12\/Capture-decran-2024-12-19-a-1.58.20-a.m-1024x581.png 1024w, https:\/\/www.alboughaznews.ma\/wp-content\/uploads\/2024\/12\/Capture-decran-2024-12-19-a-1.58.20-a.m-768x435.png 768w\" sizes=\"auto, (max-width: 1053px) 100vw, 1053px\" \/><\/p>\n<h4 dir=\"ltr\">Chaibia Balbzioui Alaoui, pr\u00e9sidente de l\u2019Association des femmes cheffes d\u2019entreprises du Maroc pour la r\u00e9gion Tanger-T\u00e9touan-Al Hoceima (AFEM-TTA), a quant \u00e0 elle soulign\u00e9 la forte implication des femmes dans ce secteur. Elle a pr\u00e9cis\u00e9 que la majorit\u00e9 de la main-d\u2019\u0153uvre du textile est f\u00e9minine et que de nombreuses entreprises du secteur sont dirig\u00e9es par des femmes.<\/h4>\n<h4 dir=\"ltr\">Pour moderniser l\u2019industrie textile nationale, elle a plaid\u00e9 en faveur d\u2019un focus accru sur la production locale plut\u00f4t que sur la sous-traitance. Cela n\u00e9cessitera des efforts pour am\u00e9liorer la qualit\u00e9, respecter les normes internationales et renforcer l\u2019innovation afin de mettre \u00e0 jour et dynamiser les industries.<\/h4>\n<h4 dir=\"ltr\">Cette rencontre a ainsi permis de r\u00e9affirmer l\u2019importance strat\u00e9gique du secteur textile pour l\u2019\u00e9conomie marocaine, tout en ouvrant la voie \u00e0 de nouvelles initiatives pour renforcer la comp\u00e9titivit\u00e9 des produits locaux sur les march\u00e9s mondiaux.<\/h4>\n","protected":false},"excerpt":{"rendered":"<p>al boughaz news : \u00a0Tanger a accueilli la 2\u1d49 \u00e9dition des portes ouvertes des industries du textile, un \u00e9v\u00e9nement organis\u00e9 sous le th\u00e8me \u00ab L\u2019accompagnement des entreprises pour renforcer la production locale \u00bb. Cette initiative phare a r\u00e9uni industriels, \u00e9lus et acteurs \u00e9conomiques, dans le but de stimuler la souverainet\u00e9 industrielle et de valoriser le [&hellip;]<\/p>\n","protected":false},"author":1,"featured_media":68113,"comment_status":"open","ping_status":"open","sticky":false,"template":"","format":"standard","meta":{"footnotes":""},"categories":[7294],"tags":[],"class_list":["post-68320","post","type-post","status-publish","format-standard","has-post-thumbnail","hentry","category-version-francaise"],"_links":{"self":[{"href":"https:\/\/www.alboughaznews.ma\/index.php?rest_route=\/wp\/v2\/posts\/68320","targetHints":{"allow":["GET"]}}],"collection":[{"href":"https:\/\/www.alboughaznews.ma\/index.php?rest_route=\/wp\/v2\/posts"}],"about":[{"href":"https:\/\/www.alboughaznews.ma\/index.php?rest_route=\/wp\/v2\/types\/post"}],"author":[{"embeddable":true,"href":"https:\/\/www.alboughaznews.ma\/index.php?rest_route=\/wp\/v2\/users\/1"}],"replies":[{"embeddable":true,"href":"https:\/\/www.alboughaznews.ma\/index.php?rest_route=%2Fwp%2Fv2%2Fcomments&post=68320"}],"version-history":[{"count":2,"href":"https:\/\/www.alboughaznews.ma\/index.php?rest_route=\/wp\/v2\/posts\/68320\/revisions"}],"predecessor-version":[{"id":68322,"href":"https:\/\/www.alboughaznews.ma\/index.php?rest_route=\/wp\/v2\/posts\/68320\/revisions\/68322"}],"wp:featuredmedia":[{"embeddable":true,"href":"https:\/\/www.alboughaznews.ma\/index.php?rest_route=\/wp\/v2\/media\/68113"}],"wp:attachment":[{"href":"https:\/\/www.alboughaznews.ma\/index.php?rest_route=%2Fwp%2Fv2%2Fmedia&parent=68320"}],"wp:term":[{"taxonomy":"category","embeddable":true,"href":"https:\/\/www.alboughaznews.ma\/index.php?rest_route=%2Fwp%2Fv2%2Fcategories&post=68320"},{"taxonomy":"post_tag","embeddable":true,"href":"https:\/\/www.alboughaznews.ma\/index.php?rest_route=%2Fwp%2Fv2%2Ftags&post=68320"}],"curies":[{"name":"wp","href":"https:\/\/api.w.org\/{rel}","templated":true}]}}